{"id":30758,"date":"2023-06-03T10:11:46","date_gmt":"2023-06-03T09:11:46","guid":{"rendered":"https:\/\/guineechrono.com\/?p=30758"},"modified":"2023-06-03T10:11:46","modified_gmt":"2023-06-03T09:11:46","slug":"forecariah-gberika-le-president-du-p-r-u-n-organise-une-lecture-du-saint-coran-pour-la-paix-et-la-quietude-sociale-en-guinee","status":"publish","type":"post","link":"https:\/\/guineechrono.com\/index.php\/forecariah-gberika-le-president-du-p-r-u-n-organise-une-lecture-du-saint-coran-pour-la-paix-et-la-quietude-sociale-en-guinee\/","title":{"rendered":"For\u00e9cariah\/Gberika : le pr\u00e9sident du P.R.U.N organise une lecture du saint coran pour la paix et la qui\u00e9tude sociale en Guin\u00e9e"},"content":{"rendered":"<p><strong>Dans le souci de pr\u00e9server la paix et la qui\u00e9tude sociale en Guin\u00e9e, le pr\u00e9sident du Parti pour la Renaissance et l\u2019Unit\u00e9 Nationale (P.R.U.N) a organis\u00e9 le mercredi 31 Mai 2023 une lecture du saint coran dans le district de Gberika, pr\u00e9fecture de For\u00e9cariah.<\/strong><\/p>\n<p><a href=\"https:\/\/guineechrono.com\/wp-content\/uploads\/2023\/06\/gberika1.jpg\"><img fetchpriority=\"high\" decoding=\"async\" class=\"alignnone size-medium wp-image-30760\" src=\"https:\/\/guineechrono.com\/wp-content\/uploads\/2023\/06\/gberika1-300x169.jpg\" alt=\"\" width=\"300\" height=\"169\" srcset=\"https:\/\/guineechrono.com\/wp-content\/uploads\/2023\/06\/gberika1-300x169.jpg 300w, https:\/\/guineechrono.com\/wp-content\/uploads\/2023\/06\/gberika1-1024x576.jpg 1024w, https:\/\/guineechrono.com\/wp-content\/uploads\/2023\/06\/gberika1-768x432.jpg 768w, https:\/\/guineechrono.com\/wp-content\/uploads\/2023\/06\/gberika1-696x392.jpg 696w, https:\/\/guineechrono.com\/wp-content\/uploads\/2023\/06\/gberika1-746x420.jpg 746w, https:\/\/guineechrono.com\/wp-content\/uploads\/2023\/06\/gberika1.jpg 1032w\" sizes=\"(max-width: 300px) 100vw, 300px\" \/><\/a><\/p>\n<p>Natif de Gberika, le pr\u00e9sident du P.R.U.N, Ibrahima Sory Tour\u00e9, a visit\u00e9 les infrastructures de cette localit\u00e9. Il s\u2019agit de l\u2019\u00e9cole primaire, le poste de sant\u00e9, le cimeti\u00e8re et la mosqu\u00e9e.<\/p>\n<p>Apr\u00e8s ses constats, l\u2019humanitaire et homme politique, se dit touch\u00e9 l\u2019\u00e9tat dans lequel se trouve le poste de sant\u00e9 et l\u2019\u00e9cole primaire de Gberika. \u00ab\u00a0J\u2019ai un sentiment\u00a0 de satisfaction, seulement mon constat par rapport \u00e0 l\u2019\u00e9ducation et la sant\u00e9 est regrettable. \u00a0Surtout \u00e0 l\u2019\u00e9cole primaire de Gberika ou les futurs cadres de ce pays sont en train de se former. \u00a0 L\u2019\u00e9tat dans lequel j\u2019ai trouv\u00e9 cette \u00e9cole et le poste de sant\u00e9 \u00a0est\u00a0 d\u00e9plorable\u00a0\u00bb.<\/p>\n<p><a href=\"https:\/\/guineechrono.com\/wp-content\/uploads\/2023\/06\/gberika2.jpg\"><img decoding=\"async\" class=\"alignnone size-medium wp-image-30761\" src=\"https:\/\/guineechrono.com\/wp-content\/uploads\/2023\/06\/gberika2-281x300.jpg\" alt=\"\" width=\"281\" height=\"300\" srcset=\"https:\/\/guineechrono.com\/wp-content\/uploads\/2023\/06\/gberika2-281x300.jpg 281w, https:\/\/guineechrono.com\/wp-content\/uploads\/2023\/06\/gberika2-394x420.jpg 394w, https:\/\/guineechrono.com\/wp-content\/uploads\/2023\/06\/gberika2.jpg 582w\" sizes=\"(max-width: 281px) 100vw, 281px\" \/><\/a><\/p>\n<p>Selon lui, ce village regorge des hauts cadres mais qui n\u2019ont pas particip\u00e9 au d\u00e9veloppement de leur localit\u00e9. \u00ab\u00a0Ce village quand m\u00eame a eu des cadres, mais ils n\u2019ont pas particip\u00e9 au d\u00e9veloppement de ce village et c\u2019est\u00a0 regrettable\u00a0\u00bb.<\/p>\n<p>Il a aussi promis entant pr\u00e9sident d\u2019une ONG humanitaire de pouvoir aider cette population rurale qui est en besoin. \u00ab Nous allons essayer de r\u00e9unir nos moyens \u00e9nerg\u00e9tiques pour pouvoir venir en aide \u00e0 ce village, parce que, c\u2019est mon village\u00a0 natal \u00bb.<\/p>\n<p><a href=\"https:\/\/guineechrono.com\/wp-content\/uploads\/2023\/06\/gb.jpg\"><img decoding=\"async\" class=\"alignnone size-medium wp-image-30763\" src=\"https:\/\/guineechrono.com\/wp-content\/uploads\/2023\/06\/gb-300x169.jpg\" alt=\"\" width=\"300\" height=\"169\" srcset=\"https:\/\/guineechrono.com\/wp-content\/uploads\/2023\/06\/gb-300x169.jpg 300w, https:\/\/guineechrono.com\/wp-content\/uploads\/2023\/06\/gb-1024x576.jpg 1024w, https:\/\/guineechrono.com\/wp-content\/uploads\/2023\/06\/gb-768x432.jpg 768w, https:\/\/guineechrono.com\/wp-content\/uploads\/2023\/06\/gb-696x392.jpg 696w, https:\/\/guineechrono.com\/wp-content\/uploads\/2023\/06\/gb-746x420.jpg 746w, https:\/\/guineechrono.com\/wp-content\/uploads\/2023\/06\/gb.jpg 1032w\" sizes=\"(max-width: 300px) 100vw, 300px\" \/><\/a><\/p>\n<p>Parlant des r\u00e9alisations et perspectives, il dira que\u00a0: \u00ab on a d\u2019autres projets, nous \u00e9voluons d\u2019ailleurs dans l\u2019\u00e9ducation, parce que l\u2019objectif de notre ONG c\u2019est l\u2019\u00e9ducation, la sant\u00e9, et la cr\u00e9ation de l&rsquo;entreprise\u00a0\u00bb.<\/p>\n<p>\u00ab\u00a0Nous avons un projet agricole, et je suis un cultivateur et j\u2019ai issue d\u2019une famille cultivateur. Nous sommes en train de voir pour faire venir un investisseur Allemand qui \u00e9volue dans le domaine Agricole, pour pouvoir\u00a0 investir dans l\u2019agriculture en Guin\u00e9e. Il sera mieux aussi qu\u2019il vienne dans mon village natal aussi pour accompagner cette population laboureuse.<\/p>\n<p>Parce que, j\u2019ai eu \u00e0 \u00e9changer avec l\u2019investisseur, on a m\u00eame rencontr\u00e9 le gouvernement et un membre du CNT qui nous a fait la promesse.<\/p>\n<p>Donc, je pense que si le projet aura lieu, \u00e7a commencera d\u2019abord par ici, dans mon village natal et \u00e7a va contribuer pour la lutte contre la famine et booster l\u2019\u00e9conomie\u00a0 guin\u00e9enne, mais aussi contribuer au d\u00e9veloppement de mon village Gberika\u00a0\u00bb.<\/p>\n<p>Pour finir, il a lanc\u00e9 un message aux populations de Gberika. \u00ab\u00a0Ce que je peux \u00a0vous dire, c\u2019est la coh\u00e9sion sociale, l\u2019union, l\u2019entente, et entre aide qui est tr\u00e8s important dans la cohabitation\u00a0\u00bb.<\/p>\n<p>A noter que le pr\u00e9sident du PRUN a \u00e9t\u00e9 accompagn\u00e9 par des \u00e9tudiants allemands qui sont venues s\u2019enqu\u00e9rir les r\u00e9alit\u00e9s de la Guin\u00e9e et leur d\u00e9tour peut \u00eatre voir ceux qu\u2019ils peuvent apporter pour le d\u00e9veloppement de ce pays.<\/p>\n<p><strong>Mohamed Lamine Dram\u00e9<\/strong><\/p>\n<p>&nbsp;<\/p>\n<p>&nbsp;<\/p>\n","protected":false},"excerpt":{"rendered":"<p>Dans le souci de pr\u00e9server la paix et la qui\u00e9tude sociale en Guin\u00e9e, le pr\u00e9sident du Parti pour la Renaissance et l\u2019Unit\u00e9 Nationale (P.R.U.N) a organis\u00e9 le mercredi 31 Mai 2023 une lecture du saint coran dans le district de Gberika, pr\u00e9fecture de For\u00e9cariah. Natif de Gberika, le pr\u00e9sident du P.R.U.N, Ibrahima Sory Tour\u00e9, a [&hellip;]<\/p>\n","protected":false},"author":2,"featured_media":30759,"comment_status":"open","ping_status":"closed","sticky":false,"template":"","format":"standard","meta":{"buzzeditor_post_format":"","footnotes":""},"categories":[42],"tags":[],"class_list":["post-30758","post","type-post","status-publish","format-standard","has-post-thumbnail","hentry","category-news"],"jetpack_featured_media_url":"https:\/\/guineechrono.com\/wp-content\/uploads\/2023\/06\/gberika.jpg","amp_enabled":true,"_links":{"self":[{"href":"https:\/\/guineechrono.com\/index.php\/wp-json\/wp\/v2\/posts\/30758","targetHints":{"allow":["GET"]}}],"collection":[{"href":"https:\/\/guineechrono.com\/index.php\/wp-json\/wp\/v2\/posts"}],"about":[{"href":"https:\/\/guineechrono.com\/index.php\/wp-json\/wp\/v2\/types\/post"}],"author":[{"embeddable":true,"href":"https:\/\/guineechrono.com\/index.php\/wp-json\/wp\/v2\/users\/2"}],"replies":[{"embeddable":true,"href":"https:\/\/guineechrono.com\/index.php\/wp-json\/wp\/v2\/comments?post=30758"}],"version-history":[{"count":0,"href":"https:\/\/guineechrono.com\/index.php\/wp-json\/wp\/v2\/posts\/30758\/revisions"}],"wp:featuredmedia":[{"embeddable":true,"href":"https:\/\/guineechrono.com\/index.php\/wp-json\/wp\/v2\/media\/30759"}],"wp:attachment":[{"href":"https:\/\/guineechrono.com\/index.php\/wp-json\/wp\/v2\/media?parent=30758"}],"wp:term":[{"taxonomy":"category","embeddable":true,"href":"https:\/\/guineechrono.com\/index.php\/wp-json\/wp\/v2\/categories?post=30758"},{"taxonomy":"post_tag","embeddable":true,"href":"https:\/\/guineechrono.com\/index.php\/wp-json\/wp\/v2\/tags?post=30758"}],"curies":[{"name":"wp","href":"https:\/\/api.w.org\/{rel}","templated":true}]}}