{"id":3089,"date":"2019-02-13T19:54:52","date_gmt":"2019-02-13T18:54:52","guid":{"rendered":"http:\/\/guineechrono.com\/?p=3089"},"modified":"2019-02-13T19:54:52","modified_gmt":"2019-02-13T18:54:52","slug":"tribunal-de-mafanco-debut-de-lexamen-du-contentieux-electoral-sur-la-mairie-de-la-matoto","status":"publish","type":"post","link":"https:\/\/guineechrono.com\/index.php\/tribunal-de-mafanco-debut-de-lexamen-du-contentieux-electoral-sur-la-mairie-de-la-matoto\/","title":{"rendered":"Tribunal de Mafanco : d\u00e9but de l\u2019examen du contentieux \u00e9lectoral sur la mairie de la Matoto"},"content":{"rendered":"<p>Le dossier opposant Kal\u00e9modou Yansan\u00e9 de l\u2019UFDG, se disant maire \u00e9lu de la commune de Matoto, et Mamadouba Toss Camara, se disant \u00e9galement \u00e9lu de la m\u00eame mairie, est en cours de jugement ce mercredi 13 f\u00e9vrier 2019. Kal\u00e9modou Yansan\u00e9, par la voie de ses avocats, a saisi le TPI de Mafanco pour annuler l\u2019\u00e9lection de Toss intervenue le 07 f\u00e9vrier dernier.<\/p>\n<p>C\u2019est l\u2019avocat du demandeur, ma\u00eetre Salifou B\u00e9avogui, qui a \u00e9t\u00e9 le premier \u00e0 prendre la parole. Il est entrain en ce moment (13 heures 28\u2019) de rappeler les faits. Il s\u2019agit notamment des \u00e9v\u00e8nements qui ont entour\u00e9 le vote du 15 d\u00e9cembre 2018, la perturbation du vote par un certain Bala Moussa Keita, du RPG ARC-EN-CIEL.<\/p>\n<p>Plus loin, ma\u00eetre B\u00e9a est revenu sur l\u2019annulation du vote par le ministre de l\u2019administration du territoire, Boureima Cond\u00e9.<\/p>\n<p>L\u2019avocat continue d\u2019argumenter pour chercher \u00e0 convaincre la pr\u00e9sidente du tribunal, Djeynabou Donghol Diallo du bien-fond\u00e9 de la requ\u00eate aux fins d\u2019annulation de l\u2019\u00e9lection de Mamadouba Toss Camara le 07 f\u00e9vrier dernier.<br \/>\nOn note la pr\u00e9sence dans la salle des avocats du Toss Camara.<\/p>\n<p>A suivre !<\/p>\n","protected":false},"excerpt":{"rendered":"<p>Le dossier opposant Kal\u00e9modou Yansan\u00e9 de l\u2019UFDG, se disant maire \u00e9lu de la commune de Matoto, et Mamadouba Toss Camara, se disant \u00e9galement \u00e9lu de la m\u00eame mairie, est en cours de jugement ce mercredi 13 f\u00e9vrier 2019. Kal\u00e9modou Yansan\u00e9, par la voie de ses avocats, a saisi le TPI de Mafanco pour annuler l\u2019\u00e9lection [&hellip;]<\/p>\n","protected":false},"author":2,"featured_media":3035,"comment_status":"open","ping_status":"closed","sticky":false,"template":"","format":"standard","meta":{"buzzeditor_post_format":"","footnotes":""},"categories":[1],"tags":[],"class_list":["post-3089","post","type-post","status-publish","format-standard","has-post-thumbnail","hentry","category-non-classe"],"jetpack_featured_media_url":"https:\/\/guineechrono.com\/wp-content\/uploads\/2019\/02\/Toss.jpg","amp_enabled":true,"_links":{"self":[{"href":"https:\/\/guineechrono.com\/index.php\/wp-json\/wp\/v2\/posts\/3089","targetHints":{"allow":["GET"]}}],"collection":[{"href":"https:\/\/guineechrono.com\/index.php\/wp-json\/wp\/v2\/posts"}],"about":[{"href":"https:\/\/guineechrono.com\/index.php\/wp-json\/wp\/v2\/types\/post"}],"author":[{"embeddable":true,"href":"https:\/\/guineechrono.com\/index.php\/wp-json\/wp\/v2\/users\/2"}],"replies":[{"embeddable":true,"href":"https:\/\/guineechrono.com\/index.php\/wp-json\/wp\/v2\/comments?post=3089"}],"version-history":[{"count":0,"href":"https:\/\/guineechrono.com\/index.php\/wp-json\/wp\/v2\/posts\/3089\/revisions"}],"wp:featuredmedia":[{"embeddable":true,"href":"https:\/\/guineechrono.com\/index.php\/wp-json\/wp\/v2\/media\/3035"}],"wp:attachment":[{"href":"https:\/\/guineechrono.com\/index.php\/wp-json\/wp\/v2\/media?parent=3089"}],"wp:term":[{"taxonomy":"category","embeddable":true,"href":"https:\/\/guineechrono.com\/index.php\/wp-json\/wp\/v2\/categories?post=3089"},{"taxonomy":"post_tag","embeddable":true,"href":"https:\/\/guineechrono.com\/index.php\/wp-json\/wp\/v2\/tags?post=3089"}],"curies":[{"name":"wp","href":"https:\/\/api.w.org\/{rel}","templated":true}]}}