{"id":30931,"date":"2023-06-22T17:21:14","date_gmt":"2023-06-22T16:21:14","guid":{"rendered":"https:\/\/guineechrono.com\/?p=30931"},"modified":"2023-06-22T17:21:14","modified_gmt":"2023-06-22T16:21:14","slug":"chicaner-sur-le-troisieme-mandat-en-afrique-cas-du-senegal-par-souleymane-doumbouya","status":"publish","type":"post","link":"https:\/\/guineechrono.com\/index.php\/chicaner-sur-le-troisieme-mandat-en-afrique-cas-du-senegal-par-souleymane-doumbouya\/","title":{"rendered":"Chicaner sur le troisi\u00e8me mandat en Afrique, cas du S\u00e9n\u00e9gal ! (Par Souleymane Doumbouya)"},"content":{"rendered":"<p>Aux yeux de la loi, Macky Sall (qui n\u2019a jamais \u00e9t\u00e9 dans mon c\u0153ur plut\u00f4t \u00ab\u00a0Idi\u00a0\u00bb) a parfaitement le droit de se pr\u00e9senter, c\u2019est \u00e9videment comme si demain les peuples, fran\u00e7ais, russe et tout autre, m\u00eame am\u00e9ricain, d\u00e9cidait d\u2019enlever le verrou constitutionnel. Aucune loi n\u2019est immuable, c\u2019est comme la v\u00e9rit\u00e9, elle est relative. Sinon comment expliquer qu\u2019apr\u00e8s Maastricht, il ait eu le Brexit ?<\/p>\n<p>Il n\u2019y a que le peuple qui est souverain et c\u2019est sa volont\u00e9 qui est le r\u00e9f\u00e9rentiel absolu !<\/p>\n<p>La question morale ou \u00e9thique est personnelle en politique. La politique elle-m\u00eame \u00e9tant une mati\u00e8re dynamique, les promesses y faites, n\u2019engagent que ceux qui les croient et nul n\u2019en est tenu qu\u2019en fonction des contraintes ext\u00e9rieures (question de rapport de force en politique) ou de convenance morale personnelle.<br \/>\nMaintenant, il faut savoir appr\u00e9cier le concept par rapport \u00e0 l\u2019ordre dans lequel, il est per\u00e7u. Est-ce que les codes \u00e9thiques dans un ordre social ou religieux sont les m\u00eames que dans celui politique ? L\u00e0 r\u00e9side toute la probl\u00e9matique !<\/p>\n<p>Il faut que cette affaire de limitation de mandat soit relativis\u00e9e. Ce qui \u00e9tabli est que la jurisprudence qui a fait tache d\u2019huile est celle institu\u00e9e avec le 22\u00e8me amendement de la constitution am\u00e9ricaine apr\u00e8s la mort de Franklin Delano Roosevelt (qui est all\u00e9e au-del\u00e0 des deux mandats traditionnels observ\u00e9s par coutume par tous ses pr\u00e9d\u00e9cesseurs eu \u00e9gard \u00e0 la conduite du premier Pr\u00e9sident Georges Washington plus militaire que politicien) le p\u00e8re du \u00ab\u00a0NEW DEAL\u00a0\u00bb pour sortir les USA de la grande crise des ann\u00e9es \u00ab\u00a030\u00a0\u00bb. Pour un monde qui sans cesse s\u2019americanisait, il \u00e9tait normal de les consid\u00e9rer comme les standards mais d\u00e9sormais, par les vicissitudes de l\u2019histoire, le centre de gravit\u00e9 du monde change et le monde lui-m\u00eame devient multipolaire. Plut\u00f4t que de limiter ou baliser le choix souverain du peuple, le monde \u00e0 l\u2019image du fameux slogan des USA m\u00eames pour combattre le terrorisme incarn\u00e9 par la n\u00e9buleuse \u00ab\u00a0Al Qaida\u00a0\u00bb, pla\u00e7a son intervention en Afghanistan sans mandat de l\u2019ONU sous l\u2019\u00e9gide du fameux vocable : \u00a0\u00bb JUSTICE NO LlMIT\u00a0\u00bb, ceci, pour traquer Ben Laden et ses copains Moujaidine en collusion avec les Talibans pour un autre choc des cultures (arabo-musulman vs judeo-chretien) apr\u00e8s que les \u00ab\u00a0Fous de Dieu \u00a0\u00bb ait eu \u00e0 faire courber l\u2019\u00e9chine \u00e0 la redoutable et cruelle \u00ab\u00a0Arm\u00e9e Rouge\u00a0\u00bb de l\u2019Ex URSS<br \/>\nou de l\u2019ath\u00e9isme communiste.<\/p>\n<p>Si en Afrique, cela appara\u00eet comme un cesam offert pour garder \u00e9ternellement un homme \u00e0 la t\u00eate de nos \u00c9tats, je pense que ce n\u2019est pas la panac\u00e9e. L\u2019enracinement de notre d\u00e9mocratie passera in\u00e9luctablement dans notre capacit\u00e9 \u00e0 produire des textes qui equilibreront nos institutions r\u00e9publicaines avec des moyens d\u2019actions dynamiques et bien r\u00e9fl\u00e9chis.<\/p>\n<p>Ne voyons pas le diable dans ces troisi\u00e8mes mandats!<\/p>\n<p>Puisse Dieu guider et \u00e9clairer nos pas ! Amen !<\/p>\n<p>Souleymane Doumbouya<\/p>\n<p>&nbsp;<\/p>\n","protected":false},"excerpt":{"rendered":"<p>Aux yeux de la loi, Macky Sall (qui n\u2019a jamais \u00e9t\u00e9 dans mon c\u0153ur plut\u00f4t \u00ab\u00a0Idi\u00a0\u00bb) a parfaitement le droit de se pr\u00e9senter, c\u2019est \u00e9videment comme si demain les peuples, fran\u00e7ais, russe et tout autre, m\u00eame am\u00e9ricain, d\u00e9cidait d\u2019enlever le verrou constitutionnel. Aucune loi n\u2019est immuable, c\u2019est comme la v\u00e9rit\u00e9, elle est relative. Sinon comment [&hellip;]<\/p>\n","protected":false},"author":2,"featured_media":30932,"comment_status":"open","ping_status":"closed","sticky":false,"template":"","format":"standard","meta":{"buzzeditor_post_format":"","footnotes":""},"categories":[2],"tags":[],"class_list":["post-30931","post","type-post","status-publish","format-standard","has-post-thumbnail","hentry","category-featured"],"jetpack_featured_media_url":"https:\/\/guineechrono.com\/wp-content\/uploads\/2023\/06\/macky.webp","amp_enabled":true,"_links":{"self":[{"href":"https:\/\/guineechrono.com\/index.php\/wp-json\/wp\/v2\/posts\/30931","targetHints":{"allow":["GET"]}}],"collection":[{"href":"https:\/\/guineechrono.com\/index.php\/wp-json\/wp\/v2\/posts"}],"about":[{"href":"https:\/\/guineechrono.com\/index.php\/wp-json\/wp\/v2\/types\/post"}],"author":[{"embeddable":true,"href":"https:\/\/guineechrono.com\/index.php\/wp-json\/wp\/v2\/users\/2"}],"replies":[{"embeddable":true,"href":"https:\/\/guineechrono.com\/index.php\/wp-json\/wp\/v2\/comments?post=30931"}],"version-history":[{"count":0,"href":"https:\/\/guineechrono.com\/index.php\/wp-json\/wp\/v2\/posts\/30931\/revisions"}],"wp:featuredmedia":[{"embeddable":true,"href":"https:\/\/guineechrono.com\/index.php\/wp-json\/wp\/v2\/media\/30932"}],"wp:attachment":[{"href":"https:\/\/guineechrono.com\/index.php\/wp-json\/wp\/v2\/media?parent=30931"}],"wp:term":[{"taxonomy":"category","embeddable":true,"href":"https:\/\/guineechrono.com\/index.php\/wp-json\/wp\/v2\/categories?post=30931"},{"taxonomy":"post_tag","embeddable":true,"href":"https:\/\/guineechrono.com\/index.php\/wp-json\/wp\/v2\/tags?post=30931"}],"curies":[{"name":"wp","href":"https:\/\/api.w.org\/{rel}","templated":true}]}}