{"id":30988,"date":"2023-07-05T10:23:58","date_gmt":"2023-07-05T09:23:58","guid":{"rendered":"https:\/\/guineechrono.com\/?p=30988"},"modified":"2023-07-05T10:33:48","modified_gmt":"2023-07-05T09:33:48","slug":"desistement-de-macky-sall-un-veritable-festin-de-destin-politique-en-perspective-au-senegal-boubacar-koyla-diallo","status":"publish","type":"post","link":"https:\/\/guineechrono.com\/index.php\/desistement-de-macky-sall-un-veritable-festin-de-destin-politique-en-perspective-au-senegal-boubacar-koyla-diallo\/","title":{"rendered":"D\u00e9sistement de Macky SALL, un v\u00e9ritable festin de destin politique en perspective au S\u00e9n\u00e9gal (Boubacar Koyla Diallo)"},"content":{"rendered":"<p>Le S\u00e9n\u00e9gal cristallise aujourd\u2019hui tous les regards des observateurs de la sc\u00e8ne politique sur le continent africain. Reconnu pour sa tradition d\u2019alternance en douceur au sommet de l\u2019\u00c9tat, le pays de la T\u00e9ranga a une d\u00e9mocratie mise \u00e0 rude \u00e9preuve. Le long silence assourdissant de Macky SALL sur un \u00e9ventuel 3\u00e8me mandat et les agitations d\u2019Ousmane SONKO ont plong\u00e9 le pays dans une spirale de violences. Cons\u00e9quences, plusieurs morts, des d\u00e9g\u00e2ts mat\u00e9riels, des arrestations et un climat assez d\u00e9l\u00e9t\u00e8re.<\/p>\n<p>La mort dans l\u2019\u00e2me, est-on tent\u00e9 de croire, Macky SALL a finalement annonc\u00e9 officiellement sa non candidature pour la pr\u00e9sidentielle du 24 f\u00e9vrier 2024. L\u2019homme invoque \u00ab un code d\u2019honneur \u00bb pour justifier ce qui parait comme une renonciation \u00e0 un mandat hypoth\u00e9tique. De toute \u00e9vidence, cet acte vient dissiper quelque peu, l\u2019atmosph\u00e8re de chaos dans le pays. Une d\u00e9cision hautement sage et patriotique pour certains, un r\u00e9alisme politique, pour d\u2019autres. Car, \u00ab la politique, c\u2019est la saine appr\u00e9ciation des r\u00e9alit\u00e9s du moment \u00bb. Macky SAL a vu juste.<\/p>\n<p>Une nouvelle cartographie politique en perspective !<\/p>\n<p>Qui sera le successeur de Macky SALL \u00e0 la t\u00eate du S\u00e9n\u00e9gal ? La r\u00e9ponse \u00e0 cette question implique plusieurs hypoth\u00e8ses. A premi\u00e8re vue, Ousmane SONKO est le plus proche du palais pr\u00e9sidentiel. Voici quelqu\u2019un qui a su profiter de la question du 3\u00e8me mandat de Macky SALL pour se construire politiquement. SONKO savait pertinemment que le S\u00e9n\u00e9galais n\u2019est pas encore pr\u00eat \u00e0 rompre d\u2019avec la culture de l\u2019alternance d\u00e9mocratique au pouvoir et peut-\u00eatre Macky SALL lui-m\u00eame en \u00e9tait conscient. Il a offert une br\u00e8che \u00e0 SONKO pour conqu\u00e9rir les S\u00e9n\u00e9galais. Aujourd\u2019hui, son retrait va r\u00e9v\u00e9ler le v\u00e9ritable poids politique de SONKO. Le tri va s\u2019op\u00e9rer entre les militants pro-d\u00e9mocratie et les partisans du jeune leader. L\u2019autre \u00e9pine encore dans les pieds de SONKO, c\u2019est bien sa condamnation \u00e0 deux ans de prison. Une situation qui compromet sa participation aux prochaines joutes \u00e9lectorales. Lui et ses partisans ont int\u00e9r\u00eat \u00e0 maintenir la pression pour reconqu\u00e9rir une virginit\u00e9 juridique.<\/p>\n<p>Macky SALL va-t-il passer l\u2019\u00e9ponge sur \u00ab cet affront \u00bb du jeune SONKO ? D\u2019autant plus que deux autres mastodontes en embuscade pourraient briser le r\u00eave de M. SONKO. Il s\u2019agit de l\u2019ancien maire de Dakar, Khalifa SALL et Karim WADE, fils de l\u2019ex-Pr\u00e9sident Abdoulaye WADE.<\/p>\n<p>Dans un passage de son discours de \u00ab capitulation \u00bb Macky SALL a \u00e9t\u00e9 assez clair, il compte saisir dans les meilleurs d\u00e9lais, l\u2019Assembl\u00e9e nationale pour la r\u00e9vision de certaines dispositions de la Constitution et du code \u00e9lectoral. Faut-il rappeler qu\u2019\u00e0 l\u2019issue des travaux du dialogue national organis\u00e9 r\u00e9cemment par le pouvoir en place, l\u2019une des recommandations \u00e9voque la modification des articles L28 et L29 du Code \u00e9lectoral. Une situation qui devrait permettre une r\u00e9habilitation des droits civiques et politiques de Khalifa SALL et Karim WADE.<br \/>\nSONKO, c\u2019est aussi l\u2019irreductible nationaliste, v\u00e9ritable ap\u00f4tre du mouvement anti-fran\u00e7ais. Une France qui n\u2019a pas v\u00e9ritablement coup\u00e9 le cordon ombilical avec le S\u00e9n\u00e9gal.<\/p>\n<p>Autant dire que le landerneau politique s\u00e9n\u00e9galais ressemble actuellement \u00e0 un v\u00e9ritable \u00ab serpent de mer \u00bb, une \u00e9quation \u00e0 plusieurs inconnus. Mais, la premi\u00e8re victoire du d\u00e9sistement de Macky SALL, c\u2019est bien \u00e9videmment la paix au S\u00e9n\u00e9gal. Il revient aux citoyens de ce pays, de capitaliser cet acquis pour rompre avec les germes de la culture de la violence aux cons\u00e9quences demesurables. Le S\u00e9n\u00e9gal doit sauvegarder l\u2019image d\u2019un pays o\u00f9 la culture d\u00e9mocratique est une r\u00e9f\u00e9rence. Ceci, pour permettre \u00e0 d\u2019autres \u00c9tats de s\u2019en inspirer en vue d\u2019un v\u00e9ritable ancrage d\u00e9mocratique en Afrique.<\/p>\n","protected":false},"excerpt":{"rendered":"<p>Le S\u00e9n\u00e9gal cristallise aujourd\u2019hui tous les regards des observateurs de la sc\u00e8ne politique sur le continent africain. Reconnu pour sa tradition d\u2019alternance en douceur au sommet de l\u2019\u00c9tat, le pays de la T\u00e9ranga a une d\u00e9mocratie mise \u00e0 rude \u00e9preuve. Le long silence assourdissant de Macky SALL sur un \u00e9ventuel 3\u00e8me mandat et les agitations [&hellip;]<\/p>\n","protected":false},"author":2,"featured_media":30992,"comment_status":"open","ping_status":"closed","sticky":false,"template":"","format":"standard","meta":{"buzzeditor_post_format":"","footnotes":""},"categories":[42],"tags":[],"class_list":["post-30988","post","type-post","status-publish","format-standard","has-post-thumbnail","hentry","category-news"],"jetpack_featured_media_url":"https:\/\/guineechrono.com\/wp-content\/uploads\/2023\/07\/koylaa.webp","amp_enabled":true,"_links":{"self":[{"href":"https:\/\/guineechrono.com\/index.php\/wp-json\/wp\/v2\/posts\/30988","targetHints":{"allow":["GET"]}}],"collection":[{"href":"https:\/\/guineechrono.com\/index.php\/wp-json\/wp\/v2\/posts"}],"about":[{"href":"https:\/\/guineechrono.com\/index.php\/wp-json\/wp\/v2\/types\/post"}],"author":[{"embeddable":true,"href":"https:\/\/guineechrono.com\/index.php\/wp-json\/wp\/v2\/users\/2"}],"replies":[{"embeddable":true,"href":"https:\/\/guineechrono.com\/index.php\/wp-json\/wp\/v2\/comments?post=30988"}],"version-history":[{"count":0,"href":"https:\/\/guineechrono.com\/index.php\/wp-json\/wp\/v2\/posts\/30988\/revisions"}],"wp:featuredmedia":[{"embeddable":true,"href":"https:\/\/guineechrono.com\/index.php\/wp-json\/wp\/v2\/media\/30992"}],"wp:attachment":[{"href":"https:\/\/guineechrono.com\/index.php\/wp-json\/wp\/v2\/media?parent=30988"}],"wp:term":[{"taxonomy":"category","embeddable":true,"href":"https:\/\/guineechrono.com\/index.php\/wp-json\/wp\/v2\/categories?post=30988"},{"taxonomy":"post_tag","embeddable":true,"href":"https:\/\/guineechrono.com\/index.php\/wp-json\/wp\/v2\/tags?post=30988"}],"curies":[{"name":"wp","href":"https:\/\/api.w.org\/{rel}","templated":true}]}}