{"id":30999,"date":"2023-07-06T21:45:30","date_gmt":"2023-07-06T20:45:30","guid":{"rendered":"https:\/\/guineechrono.com\/?p=30999"},"modified":"2023-07-06T21:45:30","modified_gmt":"2023-07-06T20:45:30","slug":"abidjan-45eme-assemblee-generale-de-la-caf-le-guineen-amadou-diaby-officiellement-invite","status":"publish","type":"post","link":"https:\/\/guineechrono.com\/index.php\/abidjan-45eme-assemblee-generale-de-la-caf-le-guineen-amadou-diaby-officiellement-invite\/","title":{"rendered":"Abidjan\/45\u00e8me Assembl\u00e9e G\u00e9n\u00e9rale  de la CAF : le guin\u00e9en, Amadou Diaby officiellement  invit\u00e9"},"content":{"rendered":"<p><strong>C\u2019est une preuve palpable qui justifie que le sieur Amadou Diaby est l\u2019incontournable pour le d\u00e9veloppement du Football en Afrique. <\/strong><\/p>\n<p>Apr\u00e8s avoir \u00e9t\u00e9 r\u00e9habilit\u00e9 par la FIFA, suite \u00e0 l\u2019injustice qu\u2019il a \u00e9t\u00e9 victime,\u00a0 l\u2019ancien vice-pr\u00e9sident de la FEGUIFOOT continue \u00e0 b\u00e9n\u00e9ficier la confiance des personnalit\u00e9s dont le Premier ministre guin\u00e9en, Dr Bernard Gomou et d\u2019\u00eatre sollicit\u00e9 par les instances du football africain et Mondial.<\/p>\n<p>Amadou Diaby, puisque c\u2019est de lui qu\u2019il s\u2019agit,\u00a0 le fils prodige de Guin\u00e9e vient d\u2019\u00eatre convi\u00e9 \u00e0 la 45\u00e8me assembl\u00e9e g\u00e9n\u00e9rale ordinaire de la CAF. Celle-ci se tiendra le 13 juillet prochain \u00e0 10h00 temps universel \u00e0 l\u2019Auditorium du Sofitel Abidjan H\u00f4tel Ivoire.<\/p>\n<p>Il faut rappeler qu\u2019en marge de ce rendez-vous d\u00e9cid\u00e9 par le comit\u00e9 ex\u00e9cutif de la CAF, on devrait conna\u00eetre le tirage au sort des groupes concernant les \u00e9liminatoires de la Coupe du Monde 2026 de la zone Afrique.<\/p>\n<p><strong>R\u00e9daction <\/strong><\/p>\n","protected":false},"excerpt":{"rendered":"<p>C\u2019est une preuve palpable qui justifie que le sieur Amadou Diaby est l\u2019incontournable pour le d\u00e9veloppement du Football en Afrique. Apr\u00e8s avoir \u00e9t\u00e9 r\u00e9habilit\u00e9 par la FIFA, suite \u00e0 l\u2019injustice qu\u2019il a \u00e9t\u00e9 victime,\u00a0 l\u2019ancien vice-pr\u00e9sident de la FEGUIFOOT continue \u00e0 b\u00e9n\u00e9ficier la confiance des personnalit\u00e9s dont le Premier ministre guin\u00e9en, Dr Bernard Gomou et [&hellip;]<\/p>\n","protected":false},"author":2,"featured_media":31000,"comment_status":"open","ping_status":"closed","sticky":false,"template":"","format":"standard","meta":{"buzzeditor_post_format":"","footnotes":""},"categories":[45],"tags":[],"class_list":["post-30999","post","type-post","status-publish","format-standard","has-post-thumbnail","hentry","category-sport"],"jetpack_featured_media_url":"https:\/\/guineechrono.com\/wp-content\/uploads\/2023\/07\/AMADOU-Diaby.jpeg","amp_enabled":true,"_links":{"self":[{"href":"https:\/\/guineechrono.com\/index.php\/wp-json\/wp\/v2\/posts\/30999","targetHints":{"allow":["GET"]}}],"collection":[{"href":"https:\/\/guineechrono.com\/index.php\/wp-json\/wp\/v2\/posts"}],"about":[{"href":"https:\/\/guineechrono.com\/index.php\/wp-json\/wp\/v2\/types\/post"}],"author":[{"embeddable":true,"href":"https:\/\/guineechrono.com\/index.php\/wp-json\/wp\/v2\/users\/2"}],"replies":[{"embeddable":true,"href":"https:\/\/guineechrono.com\/index.php\/wp-json\/wp\/v2\/comments?post=30999"}],"version-history":[{"count":0,"href":"https:\/\/guineechrono.com\/index.php\/wp-json\/wp\/v2\/posts\/30999\/revisions"}],"wp:featuredmedia":[{"embeddable":true,"href":"https:\/\/guineechrono.com\/index.php\/wp-json\/wp\/v2\/media\/31000"}],"wp:attachment":[{"href":"https:\/\/guineechrono.com\/index.php\/wp-json\/wp\/v2\/media?parent=30999"}],"wp:term":[{"taxonomy":"category","embeddable":true,"href":"https:\/\/guineechrono.com\/index.php\/wp-json\/wp\/v2\/categories?post=30999"},{"taxonomy":"post_tag","embeddable":true,"href":"https:\/\/guineechrono.com\/index.php\/wp-json\/wp\/v2\/tags?post=30999"}],"curies":[{"name":"wp","href":"https:\/\/api.w.org\/{rel}","templated":true}]}}