{"id":31069,"date":"2023-07-14T11:26:20","date_gmt":"2023-07-14T10:26:20","guid":{"rendered":"https:\/\/guineechrono.com\/?p=31069"},"modified":"2023-07-14T11:26:20","modified_gmt":"2023-07-14T10:26:20","slug":"liberte-de-la-presse-youssouf-boundou-sylla-vs-habib-marouane-camara-la-l02-simpose","status":"publish","type":"post","link":"https:\/\/guineechrono.com\/index.php\/liberte-de-la-presse-youssouf-boundou-sylla-vs-habib-marouane-camara-la-l02-simpose\/","title":{"rendered":"Libert\u00e9 de la presse \/ Youssouf Boundou Sylla Vs Habib Marouane Camara, la L02 s\u2019impose"},"content":{"rendered":"<p>Youssouf Boundou SYLLA qui avait \u00e9cart\u00e9 la L0 2 pour poursuivre le journaliste Habib Marouane CAMARA sur la base de Loi portant cyber s\u00e9curit\u00e9 dans le but de l\u2019envoyer en prison a \u00e9t\u00e9 d\u00e9bout\u00e9 ce jeudi matin par le tribunal de Dixinn.<br \/>\nLa juridiction de Conakry 2 prouve ainsi qu\u2019en R\u00e9publique de Guin\u00e9e lorsqu\u2019un journaliste est poursuivi dans le cadre de l\u2019exercice de son m\u00e9tier, c\u2019est la L02 qui s\u2019applique.<\/p>\n<p>Le Secr\u00e9taire G\u00e9n\u00e9ral du syndicat des professionnels de la presse de Guin\u00e9e qui \u00e9tait pr\u00e9sent dans la salle d\u2019audience a salu\u00e9 cette d\u00e9cision judiciaire du tribunal de Dixinn. Le G\u00e9n\u00e9ral PENDESSA invite tous les magistrats \u00e0 s\u2019en inspirer pour faire de la libert\u00e9 de la presse et de l\u2019\u00c9tat de droit une r\u00e9alit\u00e9 dans notre pays.<\/p>\n<p><strong>-Vive la libert\u00e9 de la presse!<\/strong><br \/>\n<strong>-Vive le SPPG!<\/strong><br \/>\n<strong>La lutte continue!<\/strong><\/p>\n<p>&nbsp;<\/p>\n","protected":false},"excerpt":{"rendered":"<p>Youssouf Boundou SYLLA qui avait \u00e9cart\u00e9 la L0 2 pour poursuivre le journaliste Habib Marouane CAMARA sur la base de Loi portant cyber s\u00e9curit\u00e9 dans le but de l\u2019envoyer en prison a \u00e9t\u00e9 d\u00e9bout\u00e9 ce jeudi matin par le tribunal de Dixinn. La juridiction de Conakry 2 prouve ainsi qu\u2019en R\u00e9publique de Guin\u00e9e lorsqu\u2019un journaliste [&hellip;]<\/p>\n","protected":false},"author":2,"featured_media":31070,"comment_status":"open","ping_status":"closed","sticky":false,"template":"","format":"standard","meta":{"buzzeditor_post_format":"","footnotes":""},"categories":[42],"tags":[],"class_list":["post-31069","post","type-post","status-publish","format-standard","has-post-thumbnail","hentry","category-news"],"jetpack_featured_media_url":"https:\/\/guineechrono.com\/wp-content\/uploads\/2023\/07\/marouane.webp","amp_enabled":true,"_links":{"self":[{"href":"https:\/\/guineechrono.com\/index.php\/wp-json\/wp\/v2\/posts\/31069","targetHints":{"allow":["GET"]}}],"collection":[{"href":"https:\/\/guineechrono.com\/index.php\/wp-json\/wp\/v2\/posts"}],"about":[{"href":"https:\/\/guineechrono.com\/index.php\/wp-json\/wp\/v2\/types\/post"}],"author":[{"embeddable":true,"href":"https:\/\/guineechrono.com\/index.php\/wp-json\/wp\/v2\/users\/2"}],"replies":[{"embeddable":true,"href":"https:\/\/guineechrono.com\/index.php\/wp-json\/wp\/v2\/comments?post=31069"}],"version-history":[{"count":0,"href":"https:\/\/guineechrono.com\/index.php\/wp-json\/wp\/v2\/posts\/31069\/revisions"}],"wp:featuredmedia":[{"embeddable":true,"href":"https:\/\/guineechrono.com\/index.php\/wp-json\/wp\/v2\/media\/31070"}],"wp:attachment":[{"href":"https:\/\/guineechrono.com\/index.php\/wp-json\/wp\/v2\/media?parent=31069"}],"wp:term":[{"taxonomy":"category","embeddable":true,"href":"https:\/\/guineechrono.com\/index.php\/wp-json\/wp\/v2\/categories?post=31069"},{"taxonomy":"post_tag","embeddable":true,"href":"https:\/\/guineechrono.com\/index.php\/wp-json\/wp\/v2\/tags?post=31069"}],"curies":[{"name":"wp","href":"https:\/\/api.w.org\/{rel}","templated":true}]}}