{"id":31169,"date":"2023-07-25T20:40:02","date_gmt":"2023-07-25T19:40:02","guid":{"rendered":"https:\/\/guineechrono.com\/?p=31169"},"modified":"2023-07-25T20:40:02","modified_gmt":"2023-07-25T19:40:02","slug":"baccalaureat-session-2023-apres-son-admission-avec-mention-alseny-sylla-adresse-un-message-au-president-mamadi-doumbouya","status":"publish","type":"post","link":"https:\/\/guineechrono.com\/index.php\/baccalaureat-session-2023-apres-son-admission-avec-mention-alseny-sylla-adresse-un-message-au-president-mamadi-doumbouya\/","title":{"rendered":"Baccalaur\u00e9at session 2023 : Apr\u00e8s son admission avec mention, Alseny Sylla adresse un message au Pr\u00e9sident Mamadi Doumbouya"},"content":{"rendered":"<p>Selon les r\u00e9sultats publi\u00e9s r\u00e9cemment par le gouvernement guin\u00e9en \u00e0 travers le minist\u00e8re de l\u2019\u00e9ducation nationale, 27% ont \u00e9t\u00e9 admis au baccalaur\u00e9at unique session 2023.<\/p>\n<p>Class\u00e9 1er de son \u00e9tablissement au Complexe Scolaire SABADOU et 35\u00e8me de la R\u00e9publique en sciences sociales sur le PV : 170023 avec mention \u2018\u2019tr\u00e8s bien\u2019\u2019, Alseny Sylla \u00e2g\u00e9 seulement de 19 ans, sollicite le soutien du Pr\u00e9sident de la transition, Colonel Mamadi Doumbouya. Il s\u2019est confi\u00e9 \u00e0 notre r\u00e9daction lors d\u2019une interview.<\/p>\n<p>D\u2019entr\u00e9e, le jeune \u00e9tudiant a remerci\u00e9 ses parents, ses encadreurs et tous ceux qui sont de pr\u00e8s ou de loin contribu\u00e9s \u00e0 sa r\u00e9ussite, car selon lui, c\u2019est le r\u00e9sultat d\u2019une lutte de plusieurs ann\u00e9es.<\/p>\n<p>Inqui\u00e9t\u00e9 par des magouilles qui se passent dans les services des bourses en Guin\u00e9e, surtout quand tes parents n\u2019ont pas d\u2019argents ni de relations, Alseny Sylla interpelle le Pr\u00e9sident de la transitons, Colonel Mamadi Doumbouya. \u00ab <em><strong>Je lance un appel aux nouvelles autorit\u00e9s, particuli\u00e8rement au Pr\u00e9sident de la transition, Colonel Mamadi Doumbouya, pour son implication personnelle afin que nous puissions aller continuer nos \u00e9tudes \u00e0 l\u2019ext\u00e9rieur. Je le dis, parce qu\u2019on apprend beaucoup par rapport \u00e0 cette histoire de bourse dans notre pays. Nos parents n\u2019ont pas de moyens financiers ni des relations pour nous booster dans ce sens. Donc, nous comptons seulement sur Dieu, c\u2019est pourquoi j\u2019attire l\u2019attention du Pr\u00e9sident avant que les choses ne commencent<\/strong><\/em> \u00bb.<br \/>\nEsp\u00e9rons que ce cri de c\u0153ur de ce jeune, tombera dans les bonnes oreilles des autorit\u00e9s de la transition.<\/p>\n<p>Il faut rappeler que ce jeune avait promis d\u2019\u00eatre parmi les laur\u00e9ats de cette ann\u00e9e 2023, et il souhaite faire les \u00e9tudes de droit pour devenir un brillant avocat.<\/p>\n<p><strong>Source\u00a0: guineenondi.com<\/strong><\/p>\n","protected":false},"excerpt":{"rendered":"<p>Selon les r\u00e9sultats publi\u00e9s r\u00e9cemment par le gouvernement guin\u00e9en \u00e0 travers le minist\u00e8re de l\u2019\u00e9ducation nationale, 27% ont \u00e9t\u00e9 admis au baccalaur\u00e9at unique session 2023. Class\u00e9 1er de son \u00e9tablissement au Complexe Scolaire SABADOU et 35\u00e8me de la R\u00e9publique en sciences sociales sur le PV : 170023 avec mention \u2018\u2019tr\u00e8s bien\u2019\u2019, Alseny Sylla \u00e2g\u00e9 seulement [&hellip;]<\/p>\n","protected":false},"author":2,"featured_media":31170,"comment_status":"open","ping_status":"closed","sticky":false,"template":"","format":"standard","meta":{"buzzeditor_post_format":"","footnotes":""},"categories":[42],"tags":[],"class_list":["post-31169","post","type-post","status-publish","format-standard","has-post-thumbnail","hentry","category-news"],"jetpack_featured_media_url":"https:\/\/guineechrono.com\/wp-content\/uploads\/2023\/07\/alsenyy.jpg","amp_enabled":true,"_links":{"self":[{"href":"https:\/\/guineechrono.com\/index.php\/wp-json\/wp\/v2\/posts\/31169","targetHints":{"allow":["GET"]}}],"collection":[{"href":"https:\/\/guineechrono.com\/index.php\/wp-json\/wp\/v2\/posts"}],"about":[{"href":"https:\/\/guineechrono.com\/index.php\/wp-json\/wp\/v2\/types\/post"}],"author":[{"embeddable":true,"href":"https:\/\/guineechrono.com\/index.php\/wp-json\/wp\/v2\/users\/2"}],"replies":[{"embeddable":true,"href":"https:\/\/guineechrono.com\/index.php\/wp-json\/wp\/v2\/comments?post=31169"}],"version-history":[{"count":0,"href":"https:\/\/guineechrono.com\/index.php\/wp-json\/wp\/v2\/posts\/31169\/revisions"}],"wp:featuredmedia":[{"embeddable":true,"href":"https:\/\/guineechrono.com\/index.php\/wp-json\/wp\/v2\/media\/31170"}],"wp:attachment":[{"href":"https:\/\/guineechrono.com\/index.php\/wp-json\/wp\/v2\/media?parent=31169"}],"wp:term":[{"taxonomy":"category","embeddable":true,"href":"https:\/\/guineechrono.com\/index.php\/wp-json\/wp\/v2\/categories?post=31169"},{"taxonomy":"post_tag","embeddable":true,"href":"https:\/\/guineechrono.com\/index.php\/wp-json\/wp\/v2\/tags?post=31169"}],"curies":[{"name":"wp","href":"https:\/\/api.w.org\/{rel}","templated":true}]}}