{"id":3120,"date":"2019-02-17T00:16:00","date_gmt":"2019-02-16T23:16:00","guid":{"rendered":"http:\/\/guineechrono.com\/?p=3120"},"modified":"2019-02-17T00:16:00","modified_gmt":"2019-02-16T23:16:00","slug":"attaque-de-son-cortege-cellou-dalein-diallo-accuse-alpha-conde","status":"publish","type":"post","link":"https:\/\/guineechrono.com\/index.php\/attaque-de-son-cortege-cellou-dalein-diallo-accuse-alpha-conde\/","title":{"rendered":"Attaque de son cort\u00e8ge : Cellou Dalein Diallo accuse Alpha Cond\u00e9"},"content":{"rendered":"<p><strong>Suite \u00e0 l\u2019attaque de son cort\u00e8ge le samedi 16 F\u00e9vrier 2019 lors de son retour, le Chef de file de l\u2019opposition, Cellou Dalein Diallo a organis\u00e9 un point de presse \u00e0 son domicile priv\u00e9. Devant la presse nationale qui \u00e9tait pr\u00e9sente sur les lieux, le leader de l\u2019opposition dite r\u00e9publicaine a expliqu\u00e9 les circonstances dans lesquelles sa voiture \u00e0 \u00e9t\u00e9 attaqu\u00e9e.<\/strong><\/p>\n<p>Cellou Dalein Diallo a expliqu\u00e9 en amont, le contexte avant son d\u00e9part de Conakry : \u201con a dit hier que je viens pour attaquer les PA, mais nous avons pris des dispositions pour rassurer nos compatriotes militaires qui sont dans les PA. Personne ne les attaquera et ils seront prot\u00e9g\u00e9s. Mais attaquer comme \u00e7a le v\u00e9hicule d\u2019un d\u00e9put\u00e9 avec cette violence, c\u2019est qu\u2019on avait un mandat\u00bb, explique-t-il, tout en pr\u00e9cisant qu\u2019il se saluait avec les agents des PA qui se trouvent le long de son passage sans probl\u00e8me. D\u2019ailleurs \u201cces PA \u00e9taient prot\u00e9g\u00e9s par les agents de maintien d\u2019ordre du parti\u201d.<\/p>\n<p>Poursuivant, le chef de file de l\u2019opposition soutient qu\u2019on voulait atteindre sa vie aujourd\u2019hui : \u201cla force avec laquelle on a attaqu\u00e9 ma voiture, c\u2019est qu\u2019on voulait attenter \u00e0 ma vie. On ne peut pas attaquer un v\u00e9hicule comme \u00e7a, je suis un citoyen. Cette haine, cette violence inou\u00efe contre un d\u00e9put\u00e9, contre le Chef de file de l\u2019opposition, parce qu\u2019il y avait beaucoup d\u2019autres voitures qui n\u2019ont pas subi. Quelle \u00e9tait l\u2019intention ? Alpha a donn\u00e9 l\u2019instruction, Bafou\u00e9 a dit de m\u2019attaquer et les ordres ont \u00e9t\u00e9 ex\u00e9cut\u00e9s\u201d, a accus\u00e9 le chef de file de l\u2019opposition guin\u00e9enne.<\/p>\n<p>Malgr\u00e9 cette violence, le leader de l\u2019UFDG ne compte pas baisser les bras. \u201cS\u2019il veulent m\u2019intimider ou me d\u00e9courager, qu\u2019ils se d\u00e9trompent, parce que je suis un homme d\u00e9termin\u00e9 \u00e0 conduire ce combat. Je me sens pas en s\u00e9curit\u00e9 dans ce pays mais je m\u2019en fous parce que j\u2019ai d\u00e9cid\u00e9 de vouer ma vie pour l\u2019av\u00e8nement d\u2019une soci\u00e9t\u00e9 plus juste dans notre pays et je continuerai le combat tant que je vis\u201d, a-t-il promis.<\/p>\n<p><strong>Une synth\u00e8se de<\/strong><\/p>\n<p><strong>Cherif Djiba Sano<\/strong><\/p>\n<p>&nbsp;<\/p>\n<p>&nbsp;<\/p>\n<p>&nbsp;<\/p>\n<p>&nbsp;<\/p>\n<p>&nbsp;<\/p>\n<p>&nbsp;<\/p>\n","protected":false},"excerpt":{"rendered":"<p>Suite \u00e0 l\u2019attaque de son cort\u00e8ge le samedi 16 F\u00e9vrier 2019 lors de son retour, le Chef de file de l\u2019opposition, Cellou Dalein Diallo a organis\u00e9 un point de presse \u00e0 son domicile priv\u00e9. Devant la presse nationale qui \u00e9tait pr\u00e9sente sur les lieux, le leader de l\u2019opposition dite r\u00e9publicaine a expliqu\u00e9 les circonstances dans [&hellip;]<\/p>\n","protected":false},"author":2,"featured_media":3121,"comment_status":"open","ping_status":"closed","sticky":false,"template":"","format":"standard","meta":{"buzzeditor_post_format":"","footnotes":""},"categories":[1],"tags":[],"class_list":["post-3120","post","type-post","status-publish","format-standard","has-post-thumbnail","hentry","category-non-classe"],"jetpack_featured_media_url":"https:\/\/guineechrono.com\/wp-content\/uploads\/2019\/02\/cellou-696x392.jpg","amp_enabled":true,"_links":{"self":[{"href":"https:\/\/guineechrono.com\/index.php\/wp-json\/wp\/v2\/posts\/3120","targetHints":{"allow":["GET"]}}],"collection":[{"href":"https:\/\/guineechrono.com\/index.php\/wp-json\/wp\/v2\/posts"}],"about":[{"href":"https:\/\/guineechrono.com\/index.php\/wp-json\/wp\/v2\/types\/post"}],"author":[{"embeddable":true,"href":"https:\/\/guineechrono.com\/index.php\/wp-json\/wp\/v2\/users\/2"}],"replies":[{"embeddable":true,"href":"https:\/\/guineechrono.com\/index.php\/wp-json\/wp\/v2\/comments?post=3120"}],"version-history":[{"count":0,"href":"https:\/\/guineechrono.com\/index.php\/wp-json\/wp\/v2\/posts\/3120\/revisions"}],"wp:featuredmedia":[{"embeddable":true,"href":"https:\/\/guineechrono.com\/index.php\/wp-json\/wp\/v2\/media\/3121"}],"wp:attachment":[{"href":"https:\/\/guineechrono.com\/index.php\/wp-json\/wp\/v2\/media?parent=3120"}],"wp:term":[{"taxonomy":"category","embeddable":true,"href":"https:\/\/guineechrono.com\/index.php\/wp-json\/wp\/v2\/categories?post=3120"},{"taxonomy":"post_tag","embeddable":true,"href":"https:\/\/guineechrono.com\/index.php\/wp-json\/wp\/v2\/tags?post=3120"}],"curies":[{"name":"wp","href":"https:\/\/api.w.org\/{rel}","templated":true}]}}