{"id":3123,"date":"2019-02-17T00:19:31","date_gmt":"2019-02-16T23:19:31","guid":{"rendered":"http:\/\/guineechrono.com\/?p=3123"},"modified":"2020-05-19T16:34:06","modified_gmt":"2020-05-19T15:34:06","slug":"ag-de-lufr-mohamed-tall-aucun-guineen-ne-peut-aller-au-dela-de-deux-mandats","status":"publish","type":"post","link":"https:\/\/guineechrono.com\/index.php\/ag-de-lufr-mohamed-tall-aucun-guineen-ne-peut-aller-au-dela-de-deux-mandats\/","title":{"rendered":"AG de L\u2019UFR : Mohamed Tall : \u00ab aucun guin\u00e9en, ne peut aller au-del\u00e0 de deux mandats \u00bb"},"content":{"rendered":"<p><strong>L\u2019assembl\u00e9e g\u00e9n\u00e9rale hebdomadaire de l\u2019UFR s\u2019est tenue le Samedi, 16 F\u00e9vrier 2019, \u00e0 son si\u00e8ge \u00e0 Matam. Cette rencontre politique a \u00e9t\u00e9 pr\u00e9sid\u00e9e par Bakary Goyo Zoumanigui, le fondateur et vice-pr\u00e9sident dudit parti. Au cours de cette rencontre, il a \u00e9t\u00e9 question de la fi\u00e8vre lassa et d\u2019un \u00e9ventuel troisi\u00e8me mandat pour le pr\u00e9sident Alpha Cond\u00e9. \u00a0Au tour de ce second point, le parti de Sidya Tour\u00e9 s\u2019est montr\u00e9 plus que tranchant.<\/strong><\/p>\n<p>Pour le secr\u00e9taire national de la jeunesse de l\u2019UFR et deuxi\u00e8me vice-maire de Matam, Badra Kon\u00e9, \u00ab le second et dernier mandat du pr\u00e9sident Alpha Cond\u00e9 se termine au mois de juin 2020 \u00bb. Et, pr\u00e9cise-t-il, \u00ab il n\u2019est pas question de le laisser un seul jour de plus \u00e0 la t\u00eate de la Guin\u00e9e \u00bb.<\/p>\n<p>Ce cadre du parti r\u00e9publicain souhaite d\u2019ailleurs aux Guin\u00e9ens de ne pas avoir un autre pr\u00e9sident \u00e0 l\u2019image d\u2019Alpha Cond\u00e9. Car, soutient-il, jamais les guin\u00e9ens n\u2019ont souffert comme ils souffrent actuellement. \u00ab Alpha Cond\u00e9 est un pr\u00e9sident stagiaire. Parce que les pr\u00e9sidents qualifi\u00e9s sont en train de travailler dans leurs pays\u2026 \u00bb, a dit Badra Kon\u00e9.<\/p>\n<p>Par ailleurs, le deuxi\u00e8me vice-maire de Matam a indiqu\u00e9 que Dieu n\u2019a confi\u00e9 son pouvoir \u00e0 aucun pr\u00e9sident. \u00ab Les gens auxquels Dieu a confi\u00e9 le pouvoir sur terre, c\u2019\u00e9taient les proph\u00e8tes. Donc, si vous voulez lire le Coran, lisez-le tr\u00e8s bien. Dieu n\u2019a confi\u00e9 son pouvoir \u00e0 aucun pr\u00e9sident de la R\u00e9publique. Je crois au destin ; mais, vous ne pouvez pas communiquer, \u00e9tablir un mensonge, et dire que c\u2019est le destin. Ils viendront bient\u00f4t pour vous donner de l\u2019argent. Mais, ce sont de petits voleurs. Cette r\u00e9vision de la constitution dont-ils parlent, on la fera. Mais, ce n\u2019est pas Alpha Cond\u00e9 qui va la fera. Lui, il n\u2019a qu\u2019\u00e0 s\u2019occuper de l\u2019organisation de la pr\u00e9sidentielle et partir \u00bb, a d\u00e9clar\u00e9 Badra Kon\u00e9.<\/p>\n<p>Evoquant donc le principe d\u2019intangibilit\u00e9 de certaines dispositions de la constitution, comme celles relatives aux mandats pr\u00e9sidentiels, Mohamed Tall, du bureau politique national de l\u2019Union des Forces R\u00e9publicaines, s\u2019est montr\u00e9 plus tranchant sur la question.<\/p>\n<p>\u00ab\u00a0La disposition relative au nombre et \u00e0 la dur\u00e9e du mandat, est intangible\u00a0; elle n\u2019est pas susceptible de modification. Que ce soit dans le cadre de l\u2019actuelle constitution ou dans une autre hypoth\u00e8se. On ne peut pas y toucher\u2026aucun guin\u00e9en, en Guin\u00e9e ici, ne peut aller au-del\u00e0 de deux mandats\u00a0\u00bb, a averti l\u2019ancien ministre de l\u2019\u00e9levage, au sortir de l\u2019assembl\u00e9e g\u00e9n\u00e9rale hebdomadaire du parti de l\u2019ancien PM Sidya Tour\u00e9.<\/p>\n<p><strong>Cherif Djiba Sano<\/strong><\/p>\n","protected":false},"excerpt":{"rendered":"<p>L\u2019assembl\u00e9e g\u00e9n\u00e9rale hebdomadaire de l\u2019UFR s\u2019est tenue le Samedi, 16 F\u00e9vrier 2019, \u00e0 son si\u00e8ge \u00e0 Matam. Cette rencontre politique a \u00e9t\u00e9 pr\u00e9sid\u00e9e par Bakary Goyo Zoumanigui, le fondateur et vice-pr\u00e9sident dudit parti. Au cours de cette rencontre, il a \u00e9t\u00e9 question de la fi\u00e8vre lassa et d\u2019un \u00e9ventuel troisi\u00e8me mandat pour le pr\u00e9sident Alpha [&hellip;]<\/p>\n","protected":false},"author":2,"featured_media":3124,"comment_status":"open","ping_status":"closed","sticky":false,"template":"","format":"standard","meta":{"buzzeditor_post_format":"","footnotes":""},"categories":[42,1],"tags":[],"class_list":["post-3123","post","type-post","status-publish","format-standard","has-post-thumbnail","hentry","category-news","category-non-classe"],"jetpack_featured_media_url":"https:\/\/guineechrono.com\/wp-content\/uploads\/2019\/02\/TALL-UFR-696x392.jpg","amp_enabled":true,"_links":{"self":[{"href":"https:\/\/guineechrono.com\/index.php\/wp-json\/wp\/v2\/posts\/3123","targetHints":{"allow":["GET"]}}],"collection":[{"href":"https:\/\/guineechrono.com\/index.php\/wp-json\/wp\/v2\/posts"}],"about":[{"href":"https:\/\/guineechrono.com\/index.php\/wp-json\/wp\/v2\/types\/post"}],"author":[{"embeddable":true,"href":"https:\/\/guineechrono.com\/index.php\/wp-json\/wp\/v2\/users\/2"}],"replies":[{"embeddable":true,"href":"https:\/\/guineechrono.com\/index.php\/wp-json\/wp\/v2\/comments?post=3123"}],"version-history":[{"count":0,"href":"https:\/\/guineechrono.com\/index.php\/wp-json\/wp\/v2\/posts\/3123\/revisions"}],"wp:featuredmedia":[{"embeddable":true,"href":"https:\/\/guineechrono.com\/index.php\/wp-json\/wp\/v2\/media\/3124"}],"wp:attachment":[{"href":"https:\/\/guineechrono.com\/index.php\/wp-json\/wp\/v2\/media?parent=3123"}],"wp:term":[{"taxonomy":"category","embeddable":true,"href":"https:\/\/guineechrono.com\/index.php\/wp-json\/wp\/v2\/categories?post=3123"},{"taxonomy":"post_tag","embeddable":true,"href":"https:\/\/guineechrono.com\/index.php\/wp-json\/wp\/v2\/tags?post=3123"}],"curies":[{"name":"wp","href":"https:\/\/api.w.org\/{rel}","templated":true}]}}