{"id":3130,"date":"2019-02-22T14:14:27","date_gmt":"2019-02-22T13:14:27","guid":{"rendered":"http:\/\/guineechrono.com\/?p=3130"},"modified":"2019-02-22T14:14:27","modified_gmt":"2019-02-22T13:14:27","slug":"saisie-de-la-viande-pourrie-a-modibo-le-president-de-lucg-felicite-tiegro-pour-son-efficacite-et-son-courage","status":"publish","type":"post","link":"https:\/\/guineechrono.com\/index.php\/saisie-de-la-viande-pourrie-a-modibo-le-president-de-lucg-felicite-tiegro-pour-son-efficacite-et-son-courage\/","title":{"rendered":"Saisie de la viande pourrie \u00e0 Modibo : le pr\u00e9sident de l\u2019UCG  f\u00e9licite Tiegro pour son efficacit\u00e9 et son courage"},"content":{"rendered":"<p style=\"font-weight: 400;\"><strong>Deux jours apr\u00e8s la saisie d\u2019une \u00e9norme quantit\u00e9 de viande p\u00e9rim\u00e9es dans le restaurant Modibo \u00e0 Kaloum\u00a0 par le secr\u00e9taire g\u00e9n\u00e9ral\u00a0 charg\u00e9 des services sp\u00e9ciaux, de la lutte contre le banditisme et le crime organis\u00e9, le pr\u00e9sident de l\u2019Union des Consommateurs de Guin\u00e9e a bris\u00e9 le silence. Il l\u2019a fait savoir dans un entretien t\u00e9l\u00e9phonique qu\u2019il a accord\u00e9 \u00e0 notre r\u00e9daction ce jeudi, 21 f\u00e9vrier 2019.<\/strong><\/p>\n<p style=\"font-weight: 400;\">D\u2019entr\u00e9e,\u00a0 Ousmane Keita, pr\u00e9sident de l\u2019Union des Consommateurs de Guin\u00e9e (UCG) a f\u00e9licit\u00e9 le colonel Moussa Tiegro Camara pour son efficacit\u00e9, son courage et son patriotisme.\u00a0\u00ab\u00a0\u00a0<em>Je f\u00e9licite le colonel Tiegro pour son efficacit\u00e9, son courage et son patriotisme pour avoir\u00a0 d\u00e9masqu\u00e9\u00a0 une importante quantit\u00e9 de viande avari\u00e9e\u00a0 dans un local\u00a0\u00bb, s\u2019est-il r\u00e9joui.<\/em><\/p>\n<p style=\"font-weight: 400;\">Selon lui, \u00a0il faut avoir un r\u00e9seau fort et \u00a0lourd pour\u00a0 gagner \u00a0cette op\u00e9ration<em>. \u00a0\u00ab\u00a0Nous, l\u2019Union des Consommateurs de Guin\u00e9e, on ne peut que f\u00e9liciter \u00a0cette action de l\u2019\u00e9quipe de Tiegero \u00a0dans la mesure o\u00f9 \u00e7a va d\u00e9courager\u00a0 certains op\u00e9rateurs qui \u00e9voluent dans la restauration\u00a0<\/em>\u00bb, dit-il.<\/p>\n<p style=\"font-weight: 400;\">Pour accompagner l\u2019\u00e9quipe de colonel Moussa Tiegro Camara, l\u2019Union des Consommateurs de Guin\u00e9e compte \u00a0mettre en place dans les\u00a0 mois \u00e0 venir, \u00ab\u00a0un r\u00e9seau d\u2019agent qui vont \u00a0aller voir au niveau des restaurants avec toutes les d\u00e9marches \u00e9videmment, au del\u00e0 m\u00eame des produits avari\u00e9s, il y aura\u00a0 la qualit\u00e9 de la nourriture\u00a0 etc\u2026.\u00a0\u00bb, Ousmane Keita<\/p>\n<p style=\"font-weight: 400;\">Parlant \u00a0de\u00a0 l\u2019innocence du concern\u00e9, le pr\u00e9sident de l\u2019UCG a coup\u00e9 court. \u00ab\u00a0Moi, j\u2019aime bien ma Guin\u00e9e des faits et non ma\u00a0 Guin\u00e9e des rumeurs.\u00a0 Nous, nous nous basons sur des faits, \u00a0le plus important c\u2019est la d\u00e9couverte d\u2019une quantit\u00e9 de viande avari\u00e9e dans un endroit.\u00a0 Le reste c\u2019est la justice qui dira le coupable ou les coupables\u00a0\u00bb, a-t-il pr\u00e9cis\u00e9.<\/p>\n<p style=\"font-weight: 400;\">Pour finir, Ousmane Keita, pr\u00e9sident de l\u2019Union des Consommateurs de Guin\u00e9e a lanc\u00e9 un appel \u00e0 tous les consommateurs de Guin\u00e9e \u00a0d\u2019\u00eatre vigilant et attentif. \u00ab D\u00e8s que vous sentez une viande avari\u00e9e dans vos consommations, dans les restaurants, informez notre institution\u00a0\u00bb, conclut-il.<\/p>\n<p><strong>Aboubacar Pastoria Camara<\/strong><\/p>\n","protected":false},"excerpt":{"rendered":"<p>Deux jours apr\u00e8s la saisie d\u2019une \u00e9norme quantit\u00e9 de viande p\u00e9rim\u00e9es dans le restaurant Modibo \u00e0 Kaloum\u00a0 par le secr\u00e9taire g\u00e9n\u00e9ral\u00a0 charg\u00e9 des services sp\u00e9ciaux, de la lutte contre le banditisme et le crime organis\u00e9, le pr\u00e9sident de l\u2019Union des Consommateurs de Guin\u00e9e a bris\u00e9 le silence. Il l\u2019a fait savoir dans un entretien t\u00e9l\u00e9phonique [&hellip;]<\/p>\n","protected":false},"author":2,"featured_media":3131,"comment_status":"open","ping_status":"closed","sticky":false,"template":"","format":"standard","meta":{"buzzeditor_post_format":"","footnotes":""},"categories":[1],"tags":[],"class_list":["post-3130","post","type-post","status-publish","format-standard","has-post-thumbnail","hentry","category-non-classe"],"jetpack_featured_media_url":"https:\/\/guineechrono.com\/wp-content\/uploads\/2019\/02\/ucg-1.jpg","amp_enabled":true,"_links":{"self":[{"href":"https:\/\/guineechrono.com\/index.php\/wp-json\/wp\/v2\/posts\/3130","targetHints":{"allow":["GET"]}}],"collection":[{"href":"https:\/\/guineechrono.com\/index.php\/wp-json\/wp\/v2\/posts"}],"about":[{"href":"https:\/\/guineechrono.com\/index.php\/wp-json\/wp\/v2\/types\/post"}],"author":[{"embeddable":true,"href":"https:\/\/guineechrono.com\/index.php\/wp-json\/wp\/v2\/users\/2"}],"replies":[{"embeddable":true,"href":"https:\/\/guineechrono.com\/index.php\/wp-json\/wp\/v2\/comments?post=3130"}],"version-history":[{"count":0,"href":"https:\/\/guineechrono.com\/index.php\/wp-json\/wp\/v2\/posts\/3130\/revisions"}],"wp:featuredmedia":[{"embeddable":true,"href":"https:\/\/guineechrono.com\/index.php\/wp-json\/wp\/v2\/media\/3131"}],"wp:attachment":[{"href":"https:\/\/guineechrono.com\/index.php\/wp-json\/wp\/v2\/media?parent=3130"}],"wp:term":[{"taxonomy":"category","embeddable":true,"href":"https:\/\/guineechrono.com\/index.php\/wp-json\/wp\/v2\/categories?post=3130"},{"taxonomy":"post_tag","embeddable":true,"href":"https:\/\/guineechrono.com\/index.php\/wp-json\/wp\/v2\/tags?post=3130"}],"curies":[{"name":"wp","href":"https:\/\/api.w.org\/{rel}","templated":true}]}}