{"id":31347,"date":"2023-08-12T17:23:24","date_gmt":"2023-08-12T16:23:24","guid":{"rendered":"https:\/\/guineechrono.com\/?p=31347"},"modified":"2023-08-12T17:23:24","modified_gmt":"2023-08-12T16:23:24","slug":"1ere-edition-de-la-journee-des-elites-de-lecole-guineenne-les-laureats-des-examens-nationaux-session-2023-recompenses","status":"publish","type":"post","link":"https:\/\/guineechrono.com\/index.php\/1ere-edition-de-la-journee-des-elites-de-lecole-guineenne-les-laureats-des-examens-nationaux-session-2023-recompenses\/","title":{"rendered":"1\u00e8re \u00e9dition de la journ\u00e9e des \u00e9lites de l\u2019\u00e9cole guin\u00e9enne: les laur\u00e9ats des examens nationaux session 2023 r\u00e9compens\u00e9s"},"content":{"rendered":"<p><strong>C\u2019est un acte d\u2019encouragement et de soutien que le gouvernement de la transition \u00e0 travers le minist\u00e8re de l\u2019enseignement pr\u00e9-universitaire a eu \u00e0 faire \u00e0 l\u2019endroit des laur\u00e9ats \u00a0des examens nationaux de cette ann\u00e9e 2023.<\/strong><\/p>\n<p><strong>A travers une c\u00e9r\u00e9monie d\u00e9nomm\u00e9e \u2018\u2019journ\u00e9e des \u00e9lites de l\u2019\u00e9cole guin\u00e9enne (JEEG) tenue ce samedi, 12 ao\u00fbt 2023 au chapiteau By Issa, les autorit\u00e9s de l\u2019\u00e9ducation guin\u00e9enne ont r\u00e9compens\u00e9 les laur\u00e9ats des examens nationaux session 2023.<\/strong><\/p>\n<p>C\u2019est premier ministre chef du gouvernement, Dr Bernard Goumou accompagn\u00e9 de plusieurs membres du gouvernement qui a pr\u00e9sid\u00e9 la c\u00e9r\u00e9monie.<\/p>\n<p>Il s\u2019agit des \u00e9l\u00e8ves qui ont \u00e9t\u00e9 proclam\u00e9s premiers dans les diff\u00e9rents examens nationaux sessions 2023 mais \u00e9galement \u00e0 quatre autres admis pour des raisons de leurs \u00e9tats physiques\u00a0: (Sabou Diakit\u00e9, qui a eu le BAC \u00e0 sa 12\u00e8 tentative, M\u2019mahawa Sidib\u00e9, Fatoumata Binta Diallo et Nema victor Koli\u00e9).<\/p>\n<p><a href=\"https:\/\/guineechrono.com\/wp-content\/uploads\/2023\/08\/laureat1.jpg\"><img fetchpriority=\"high\" decoding=\"async\" class=\"alignnone size-medium wp-image-31349\" src=\"https:\/\/guineechrono.com\/wp-content\/uploads\/2023\/08\/laureat1-300x225.jpg\" alt=\"\" width=\"300\" height=\"225\" srcset=\"https:\/\/guineechrono.com\/wp-content\/uploads\/2023\/08\/laureat1-300x225.jpg 300w, https:\/\/guineechrono.com\/wp-content\/uploads\/2023\/08\/laureat1-1024x768.jpg 1024w, https:\/\/guineechrono.com\/wp-content\/uploads\/2023\/08\/laureat1-768x576.jpg 768w, https:\/\/guineechrono.com\/wp-content\/uploads\/2023\/08\/laureat1-1536x1152.jpg 1536w, https:\/\/guineechrono.com\/wp-content\/uploads\/2023\/08\/laureat1-80x60.jpg 80w, https:\/\/guineechrono.com\/wp-content\/uploads\/2023\/08\/laureat1-265x198.jpg 265w, https:\/\/guineechrono.com\/wp-content\/uploads\/2023\/08\/laureat1-696x522.jpg 696w, https:\/\/guineechrono.com\/wp-content\/uploads\/2023\/08\/laureat1-1068x801.jpg 1068w, https:\/\/guineechrono.com\/wp-content\/uploads\/2023\/08\/laureat1-560x420.jpg 560w, https:\/\/guineechrono.com\/wp-content\/uploads\/2023\/08\/laureat1-1920x1440.jpg 1920w, https:\/\/guineechrono.com\/wp-content\/uploads\/2023\/08\/laureat1.jpg 2048w\" sizes=\"(max-width: 300px) 100vw, 300px\" \/><\/a><\/p>\n<p>Prenant la parole au nom des laur\u00e9ats de 2023, Adolphe Ir\u00e9n\u00e9 Koli\u00e9 a remerci\u00e9 les autorit\u00e9s guin\u00e9ennes pour cette initiative. \u00ab\u00a0Cette journ\u00e9e qui a \u00e9t\u00e9 initi\u00e9e par nos autorit\u00e9s actuelle, nous honore, nous qui avions beaucoup sacrifi\u00e9 pour nous attaquer qu\u2019\u00e0 une seule chose, les \u00e9tudes. Par ma propre voix et la voix de tous les laur\u00e9ats, j\u2019aimerais vous remercier de plus profond du c\u0153ur pour cette marque de respect et d\u2019honneur que vous nous\u00a0 accordiez\u00a0\u00bb.<\/p>\n<p>Pour sa part, le ministre de l\u2019enseignement pr\u00e9-universitaire et de l\u2019alphab\u00e9tisation, Guillaum Hawing a rappel\u00e9 que cette c\u00e9r\u00e9monie a \u00e9t\u00e9 organis\u00e9e dans l\u2019ambition de faire le m\u00e9rite et l\u2019excellence dans le syst\u00e8me \u00e9ducatif guin\u00e9en.<\/p>\n<p><a href=\"https:\/\/guineechrono.com\/wp-content\/uploads\/2023\/08\/laureat2.jpg\"><img decoding=\"async\" class=\"alignnone size-medium wp-image-31350\" src=\"https:\/\/guineechrono.com\/wp-content\/uploads\/2023\/08\/laureat2-300x225.jpg\" alt=\"\" width=\"300\" height=\"225\" srcset=\"https:\/\/guineechrono.com\/wp-content\/uploads\/2023\/08\/laureat2-300x225.jpg 300w, https:\/\/guineechrono.com\/wp-content\/uploads\/2023\/08\/laureat2-1024x768.jpg 1024w, https:\/\/guineechrono.com\/wp-content\/uploads\/2023\/08\/laureat2-768x576.jpg 768w, https:\/\/guineechrono.com\/wp-content\/uploads\/2023\/08\/laureat2-1536x1152.jpg 1536w, https:\/\/guineechrono.com\/wp-content\/uploads\/2023\/08\/laureat2-80x60.jpg 80w, https:\/\/guineechrono.com\/wp-content\/uploads\/2023\/08\/laureat2-265x198.jpg 265w, https:\/\/guineechrono.com\/wp-content\/uploads\/2023\/08\/laureat2-696x522.jpg 696w, https:\/\/guineechrono.com\/wp-content\/uploads\/2023\/08\/laureat2-1068x801.jpg 1068w, https:\/\/guineechrono.com\/wp-content\/uploads\/2023\/08\/laureat2-560x420.jpg 560w, https:\/\/guineechrono.com\/wp-content\/uploads\/2023\/08\/laureat2-1920x1440.jpg 1920w, https:\/\/guineechrono.com\/wp-content\/uploads\/2023\/08\/laureat2.jpg 2048w\" sizes=\"(max-width: 300px) 100vw, 300px\" \/><\/a><\/p>\n<p>Poursuivant, le ministre Guillaum Hawing a cit\u00e9 les premiers des examens nationaux 2023. \u00ab\u00a0Adolphe Ir\u00e9n\u00e9 Koli\u00e9 de N\u2019Z\u00e9r\u00e9kor\u00e9, premier des sciences math\u00e9matiques avec une moyenne historique de 18,99, un record depuis 1985. Fatima Chim\u00e8re Sompar\u00e9, premi\u00e8re des sciences sociales avec 17, 72 de moyenne, \u00e9galement un record depuis 1985. Karamadi Diallo, Gaoual, premier des premiers du BEPC avec 19,05 de moyenne. Fatima Christian, Ratoma, premi\u00e8re des premi\u00e8res du CEE avec une moyenne de 9, 56 soit 19,12 de moyenne\u00a0\u00bb.<\/p>\n<p>Dans son discours, le premier ministre Dr Bernard Goumou au nom du pr\u00e9sident de la transition, Colonel Mamadi Doumbouya a f\u00e9licit\u00e9 les laur\u00e9ats mais \u00e9galement au ministre de l\u2019\u00e9ducation pour cette initiative.<\/p>\n<p>\u00ab Je suis heureux de savoir que, le ministre de l\u2019enseignement pr\u00e9-universitaire et de l\u2019alphab\u00e9tisation, a pris l\u2019initiative de d\u00e9livrer les dipl\u00f4mes sp\u00e9ciaux aux admis,\u00a0 ayant atteint des moyennes exceptionnelles suivant les diff\u00e9rents examens. De m\u00eame,\u00a0 la cr\u00e9ation du Panth\u00e9on des majors de la R\u00e9publique vient\u00a0 combler un vide, le m\u00e9rite en vue\u00a0 de reconnaissance. Le gouvernement va continuer \u00e0 investir dans l\u2019\u00e9ducation,\u00a0 \u00e0 am\u00e9liorer les infrastructures scolaires,\u00a0renforcer le Curtis scolaire et \u00e0 encourager l\u2019innovation p\u00e9dagogique\u00a0\u00bb.<\/p>\n<p>Il faut noter que les membres du gouvernement pr\u00e9sents \u00e0 la c\u00e9r\u00e9monie ont offert des billets d\u2019avions pour ces laur\u00e9ats.<\/p>\n<p><strong>Djiba kouyat\u00e9<\/strong><\/p>\n","protected":false},"excerpt":{"rendered":"<p>C\u2019est un acte d\u2019encouragement et de soutien que le gouvernement de la transition \u00e0 travers le minist\u00e8re de l\u2019enseignement pr\u00e9-universitaire a eu \u00e0 faire \u00e0 l\u2019endroit des laur\u00e9ats \u00a0des examens nationaux de cette ann\u00e9e 2023. A travers une c\u00e9r\u00e9monie d\u00e9nomm\u00e9e \u2018\u2019journ\u00e9e des \u00e9lites de l\u2019\u00e9cole guin\u00e9enne (JEEG) tenue ce samedi, 12 ao\u00fbt 2023 au chapiteau [&hellip;]<\/p>\n","protected":false},"author":2,"featured_media":31348,"comment_status":"open","ping_status":"closed","sticky":false,"template":"","format":"standard","meta":{"buzzeditor_post_format":"","footnotes":""},"categories":[42],"tags":[],"class_list":["post-31347","post","type-post","status-publish","format-standard","has-post-thumbnail","hentry","category-news"],"jetpack_featured_media_url":"https:\/\/guineechrono.com\/wp-content\/uploads\/2023\/08\/laureat.jpg","amp_enabled":true,"_links":{"self":[{"href":"https:\/\/guineechrono.com\/index.php\/wp-json\/wp\/v2\/posts\/31347","targetHints":{"allow":["GET"]}}],"collection":[{"href":"https:\/\/guineechrono.com\/index.php\/wp-json\/wp\/v2\/posts"}],"about":[{"href":"https:\/\/guineechrono.com\/index.php\/wp-json\/wp\/v2\/types\/post"}],"author":[{"embeddable":true,"href":"https:\/\/guineechrono.com\/index.php\/wp-json\/wp\/v2\/users\/2"}],"replies":[{"embeddable":true,"href":"https:\/\/guineechrono.com\/index.php\/wp-json\/wp\/v2\/comments?post=31347"}],"version-history":[{"count":0,"href":"https:\/\/guineechrono.com\/index.php\/wp-json\/wp\/v2\/posts\/31347\/revisions"}],"wp:featuredmedia":[{"embeddable":true,"href":"https:\/\/guineechrono.com\/index.php\/wp-json\/wp\/v2\/media\/31348"}],"wp:attachment":[{"href":"https:\/\/guineechrono.com\/index.php\/wp-json\/wp\/v2\/media?parent=31347"}],"wp:term":[{"taxonomy":"category","embeddable":true,"href":"https:\/\/guineechrono.com\/index.php\/wp-json\/wp\/v2\/categories?post=31347"},{"taxonomy":"post_tag","embeddable":true,"href":"https:\/\/guineechrono.com\/index.php\/wp-json\/wp\/v2\/tags?post=31347"}],"curies":[{"name":"wp","href":"https:\/\/api.w.org\/{rel}","templated":true}]}}