{"id":3136,"date":"2019-02-22T14:20:57","date_gmt":"2019-02-22T13:20:57","guid":{"rendered":"http:\/\/guineechrono.com\/?p=3136"},"modified":"2019-02-22T14:20:57","modified_gmt":"2019-02-22T13:20:57","slug":"tidiane-sylla-sur-limogeage-de-baidy-cest-une-decision-commune","status":"publish","type":"post","link":"https:\/\/guineechrono.com\/index.php\/tidiane-sylla-sur-limogeage-de-baidy-cest-une-decision-commune\/","title":{"rendered":"Tidiane Sylla sur limogeage de Baidy : \u00ab c\u2019est une d\u00e9cision commune\u2026 \u00bb"},"content":{"rendered":"<p>24 heures apr\u00e8s le remplacement du secr\u00e9taire ex\u00e9cutif de l\u2019Union des Forces R\u00e9publicaine, le charg\u00e9 de communication du parti a fait une pr\u00e9cision sur la d\u00e9cision chez nos confr\u00e8res d\u2019espace FM dans l\u2019\u00e9mission les GG de ce jeudi 21 f\u00e9vrier 2019.<\/p>\n<p>Selon Ahamed Tidiane Sylla, \u00a0le remplacement de Ba\u00efdy Aribot \u00e0 ce poste est une d\u00e9cision de tous les membres de l\u2019UFR.\u00a0 \u00ab\u00a0<em>Je voudrais d\u2019abord rectifier ce qui se dit dans les medias et sur r\u00e9seaux. La nomination de Sa\u00efkou Yaya n\u2019est pas une d\u00e9cision unilat\u00e9rale du pr\u00e9sident Sidya Tour\u00e9.\u00a0 Une d\u00e9l\u00e9gation du parti \u00e0 rencontr\u00e9 \u00a0Ba\u00efdy sur le sujet.\u00a0 Apr\u00e8s cette rencontre, Ba\u00efdy Aribot s\u2019est d\u00e9plac\u00e9 en personne pour rencontrer le pr\u00e9sident et faire des \u00e9changes sur le sujet. C\u2019est une d\u00e9cision prise en commun accord avec Ba\u00efdy Aribot\u00a0<\/em>\u00bb, pr\u00e9cise le charg\u00e9 de communication.<\/p>\n<p>A rappeler que le d\u00e9sormais ex-secr\u00e9taire ex\u00e9cutif de l\u2019UFR occupe le poste de deuxi\u00e8me vice-gouverneur de banque centrale de la r\u00e9publique de guin\u00e9e (BCRG).<\/p>\n<div class=\"yj6qo ajU\">\n<div id=\":1fx\" class=\"ajR\" tabindex=\"0\" role=\"button\" aria-label=\"Masquer le contenu abr\u00e9g\u00e9\" aria-expanded=\"true\" data-tooltip=\"Masquer le contenu abr\u00e9g\u00e9\"><img decoding=\"async\" class=\"ajT\" src=\"https:\/\/ssl.gstatic.com\/ui\/v1\/icons\/mail\/images\/cleardot.gif\" \/><\/div>\n<\/div>\n<p><b>Aboubacar Pastoria Camara<\/b><\/p>\n<p>&nbsp;<\/p>\n","protected":false},"excerpt":{"rendered":"<p>24 heures apr\u00e8s le remplacement du secr\u00e9taire ex\u00e9cutif de l\u2019Union des Forces R\u00e9publicaine, le charg\u00e9 de communication du parti a fait une pr\u00e9cision sur la d\u00e9cision chez nos confr\u00e8res d\u2019espace FM dans l\u2019\u00e9mission les GG de ce jeudi 21 f\u00e9vrier 2019. Selon Ahamed Tidiane Sylla, \u00a0le remplacement de Ba\u00efdy Aribot \u00e0 ce poste est une [&hellip;]<\/p>\n","protected":false},"author":2,"featured_media":3137,"comment_status":"open","ping_status":"closed","sticky":false,"template":"","format":"standard","meta":{"buzzeditor_post_format":"","footnotes":""},"categories":[1],"tags":[],"class_list":["post-3136","post","type-post","status-publish","format-standard","has-post-thumbnail","hentry","category-non-classe"],"jetpack_featured_media_url":"https:\/\/guineechrono.com\/wp-content\/uploads\/2019\/02\/tidiane.jpg","amp_enabled":true,"_links":{"self":[{"href":"https:\/\/guineechrono.com\/index.php\/wp-json\/wp\/v2\/posts\/3136","targetHints":{"allow":["GET"]}}],"collection":[{"href":"https:\/\/guineechrono.com\/index.php\/wp-json\/wp\/v2\/posts"}],"about":[{"href":"https:\/\/guineechrono.com\/index.php\/wp-json\/wp\/v2\/types\/post"}],"author":[{"embeddable":true,"href":"https:\/\/guineechrono.com\/index.php\/wp-json\/wp\/v2\/users\/2"}],"replies":[{"embeddable":true,"href":"https:\/\/guineechrono.com\/index.php\/wp-json\/wp\/v2\/comments?post=3136"}],"version-history":[{"count":0,"href":"https:\/\/guineechrono.com\/index.php\/wp-json\/wp\/v2\/posts\/3136\/revisions"}],"wp:featuredmedia":[{"embeddable":true,"href":"https:\/\/guineechrono.com\/index.php\/wp-json\/wp\/v2\/media\/3137"}],"wp:attachment":[{"href":"https:\/\/guineechrono.com\/index.php\/wp-json\/wp\/v2\/media?parent=3136"}],"wp:term":[{"taxonomy":"category","embeddable":true,"href":"https:\/\/guineechrono.com\/index.php\/wp-json\/wp\/v2\/categories?post=3136"},{"taxonomy":"post_tag","embeddable":true,"href":"https:\/\/guineechrono.com\/index.php\/wp-json\/wp\/v2\/tags?post=3136"}],"curies":[{"name":"wp","href":"https:\/\/api.w.org\/{rel}","templated":true}]}}