{"id":3139,"date":"2019-02-22T14:31:48","date_gmt":"2019-02-22T13:31:48","guid":{"rendered":"http:\/\/guineechrono.com\/?p=3139"},"modified":"2019-02-22T14:31:48","modified_gmt":"2019-02-22T13:31:48","slug":"transport-bientot-la-mise-en-circulation-du-nouveau-train-dubreka-express","status":"publish","type":"post","link":"https:\/\/guineechrono.com\/index.php\/transport-bientot-la-mise-en-circulation-du-nouveau-train-dubreka-express\/","title":{"rendered":"Transport : bient\u00f4t la mise en circulation du nouveau train \u201cDubr\u00e9ka Express\u201d"},"content":{"rendered":"<p style=\"font-weight: 400;\"><strong>Cette annonce a \u00e9t\u00e9 faite ce lundi, 18 f\u00e9vrier 2019 par \u00a0le ministre d\u2019\u00c9tat, ministre des transports lors d\u2019une conf\u00e9rence de presse organis\u00e9e par le gouvernement guin\u00e9en suite \u00e0 l\u2019instruction du pr\u00e9sident de la r\u00e9publique.<\/strong><\/p>\n<p style=\"font-weight: 400;\"><strong>\u00a0<\/strong><\/p>\n<p style=\"font-weight: 400;\">Dans son discours, Aboubacar Sylla, Ministre d\u2019Etat, ministres des transports \u00a0a annonc\u00e9 plusieurs projets, dont son d\u00e9partement compte mettre en place dans les mois prochains.\u00a0 Parmi\u00a0 ces projets, il a mis un accent particulier sur\u00a0 la mise en circulation du train Conakry express entre\u00a0 Conakry- Dubr\u00e9ka.<\/p>\n<p style=\"font-weight: 400;\">Selon lui, l<strong>es perspectives dans le transport ferroviaire sont r\u00e9v\u00e9latrices d\u2019un changement profond d\u00e9j\u00e0 amorc\u00e9 et qui se pr\u00e9sente comme suivant. \u00ab\u00a0La mise en ligne d\u2019un second train de passagers d\u00e9nomm\u00e9, Dubr\u00e9ka Express sur la ligne Fria\u00a0\u00bb, d\u00e9clare-t-il. \u00a0<\/strong><\/p>\n<p style=\"font-weight: 400;\"><strong>\u00a0<\/strong><\/p>\n<p style=\"font-weight: 400;\"><strong>Plus loin, le porte-parole du gouvernement a promis que toutes \u00a0les mesures sont d\u00e9j\u00e0 prises pour que ce projet soit effectif. \u00ab\u00a0Nous avons d\u00e9j\u00e0 7 wagons, et nous avons d\u00e9cid\u00e9 d\u2019acheter 6 autres wagons pour ajouter aux autres, pour ne pas qu\u2019on ait un train court. On a le financement, et les wagons seront en Guin\u00e9e bient\u00f4t. Donc on aura un deuxi\u00e8me train qui va relier Conakry \u00e0 Dubr\u00e9ka et les villes environnantes \u00bb, rassure<\/strong>\u00a0le ministre des transports.<\/p>\n<p style=\"font-weight: 400;\">Enfin, le ministre des transports a parl\u00e9 aussi\u00a0 la relance de \u00a0la compagnie a\u00e9rienne Guin\u00e9a Airlines en partenariat avec Ethiopian Airlines.<\/p>\n<p style=\"font-weight: 400;\">\u00ab\u00a0Bient\u00f4t \u00a0la \u00a0r\u00e9novation des a\u00e9roports r\u00e9gionaux, et le renforcement des capacit\u00e9s de l\u2019a\u00e9roport international de Conakry Gbessia\u00a0\u00bb, conclut le conf\u00e9rencier.<\/p>\n<p><strong>Aboubacar Pastoria Camara<\/strong><\/p>\n","protected":false},"excerpt":{"rendered":"<p>Cette annonce a \u00e9t\u00e9 faite ce lundi, 18 f\u00e9vrier 2019 par \u00a0le ministre d\u2019\u00c9tat, ministre des transports lors d\u2019une conf\u00e9rence de presse organis\u00e9e par le gouvernement guin\u00e9en suite \u00e0 l\u2019instruction du pr\u00e9sident de la r\u00e9publique. \u00a0 Dans son discours, Aboubacar Sylla, Ministre d\u2019Etat, ministres des transports \u00a0a annonc\u00e9 plusieurs projets, dont son d\u00e9partement compte mettre [&hellip;]<\/p>\n","protected":false},"author":2,"featured_media":3140,"comment_status":"open","ping_status":"closed","sticky":false,"template":"","format":"standard","meta":{"buzzeditor_post_format":"","footnotes":""},"categories":[1],"tags":[],"class_list":["post-3139","post","type-post","status-publish","format-standard","has-post-thumbnail","hentry","category-non-classe"],"jetpack_featured_media_url":"https:\/\/guineechrono.com\/wp-content\/uploads\/2019\/02\/train.jpg","amp_enabled":true,"_links":{"self":[{"href":"https:\/\/guineechrono.com\/index.php\/wp-json\/wp\/v2\/posts\/3139","targetHints":{"allow":["GET"]}}],"collection":[{"href":"https:\/\/guineechrono.com\/index.php\/wp-json\/wp\/v2\/posts"}],"about":[{"href":"https:\/\/guineechrono.com\/index.php\/wp-json\/wp\/v2\/types\/post"}],"author":[{"embeddable":true,"href":"https:\/\/guineechrono.com\/index.php\/wp-json\/wp\/v2\/users\/2"}],"replies":[{"embeddable":true,"href":"https:\/\/guineechrono.com\/index.php\/wp-json\/wp\/v2\/comments?post=3139"}],"version-history":[{"count":0,"href":"https:\/\/guineechrono.com\/index.php\/wp-json\/wp\/v2\/posts\/3139\/revisions"}],"wp:featuredmedia":[{"embeddable":true,"href":"https:\/\/guineechrono.com\/index.php\/wp-json\/wp\/v2\/media\/3140"}],"wp:attachment":[{"href":"https:\/\/guineechrono.com\/index.php\/wp-json\/wp\/v2\/media?parent=3139"}],"wp:term":[{"taxonomy":"category","embeddable":true,"href":"https:\/\/guineechrono.com\/index.php\/wp-json\/wp\/v2\/categories?post=3139"},{"taxonomy":"post_tag","embeddable":true,"href":"https:\/\/guineechrono.com\/index.php\/wp-json\/wp\/v2\/tags?post=3139"}],"curies":[{"name":"wp","href":"https:\/\/api.w.org\/{rel}","templated":true}]}}