{"id":3164,"date":"2019-03-01T17:45:53","date_gmt":"2019-03-01T16:45:53","guid":{"rendered":"http:\/\/guineechrono.com\/?p=3164"},"modified":"2020-05-19T16:34:03","modified_gmt":"2020-05-19T15:34:03","slug":"affaire-kaporo-rail-lufdg-condamne-avec-fermete-lacte-du-gouvernement","status":"publish","type":"post","link":"https:\/\/guineechrono.com\/index.php\/affaire-kaporo-rail-lufdg-condamne-avec-fermete-lacte-du-gouvernement\/","title":{"rendered":"Affaire kaporo-rail : l\u2019UFDG condamne avec fermet\u00e9  l\u2019acte du  gouvernement"},"content":{"rendered":"<p>C\u2019est dans une \u00a0d\u00e9claration rendue public au terme d\u2019une r\u00e9union tenue au QG du parti, ce vendredi, 1er mars 2019, par la Direction Nationale de l\u2019Union des Forces D\u00e9mocratiques de Guin\u00e9e (UFDG). D\u00e9claration \u00e0 laquelle les responsables de cette formation politique condamnent avec fermet\u00e9 l\u2019op\u00e9ration de d\u00e9guerpissement engag\u00e9 par le minist\u00e8re de la ville de l\u2019am\u00e9nagement et de l\u2019habitat, dont nous vous proposons de lire le contenu.<\/p>\n<p>&nbsp;<\/p>\n<p>&nbsp;<\/p>\n<p>La Direction Nationale de l\u2019Union des Forces d\u00e9mocratiques de Guin\u00e9e (UFDG) condamne avec fermet\u00e9 les op\u00e9rations de d\u00e9guerpissement des habitants de Kaporo Rails men\u00e9es depuis plusieurs jours, en violation de leurs droits les plus \u00e9l\u00e9mentaires et des engagements nationaux, r\u00e9gionaux et internationaux contract\u00e9s par l\u2019\u00c9tat guin\u00e9en.<\/p>\n<p>La Direction Nationale de l\u2019Union des Forces d\u00e9mocratiques de Guin\u00e9e (UFDG) rappelle donc aux autorit\u00e9s de l\u2019Etat de Guin\u00e9e, Etat de Droit, garant et protecteur de l\u2019ensemble des citoyens et citoyennes du pays, au respect de ces engagements.<\/p>\n<p>Ind\u00e9pendamment du statut l\u00e9gal ou ill\u00e9gal de ces occupations, l\u2019extr\u00eame vuln\u00e9rabilit\u00e9 des couches sociales concern\u00e9es est constitutive de circonstances aggravantes pour l\u2019\u00c9tat dont l\u2019action aura contribu\u00e9 \u00e0 la dislocation de familles enti\u00e8res, \u00e0 la d\u00e9scolarisation d\u2019enfants issus de ces familles, \u00e0 la privation brutale de leur unique source de revenus, \u00e0 leur maintien dans un \u00e9tat de promiscuit\u00e9 ; cela sans qu\u2019aucune mesure d\u2019accompagnement \u00e9conomique et social n\u2019ait \u00e9t\u00e9 prise pour \u00e9viter ce drame humain.<\/p>\n<p>Le droit au logement est un droit fondamental reconnu par la Constitution. Sa garantie constitue un v\u00e9ritable devoir de solidarit\u00e9 pour l\u2019ensemble de la Nation. Ainsi, afin de soutenir et accompagner les familles en situation de d\u00e9tresse humanitaire, le Parti a effectu\u00e9 un travail d\u2019identification des besoins les plus urgents et examin\u00e9 les r\u00e9ponses les plus adapt\u00e9es \u00e0 court et moyen terme.<\/p>\n<p>La Direction Nationale de l\u2019Union des Forces d\u00e9mocratiques de Guin\u00e9e (UFDG), se tient de fa\u00e7on inconditionnelle aux c\u00f4t\u00e9s des familles en souffrance et mobilisera toutes les ressources humaines et mat\u00e9rielles afin de les mettre \u00e0 la disposition des autorit\u00e9s communales dont la diligence et la r\u00e9activit\u00e9 sont \u00e0 saluer et \u00e0 encourager. Qu\u2019elles en soient ici f\u00e9licit\u00e9es.<\/p>\n<p>La Direction Nationale de l\u2019UFDG lance donc un appel \u00e0 contributions \u00e0 toutes les bonnes volont\u00e9s, aux citoyennes et citoyens guin\u00e9ens, aux militants et sympathisants du Parti, \u00e0 toutes les structures du Parti, aux F\u00e9d\u00e9rations int\u00e9rieures et ext\u00e9rieures, et les invite \u00e0 se mobiliser massivement afin de permettre aux familles sinistr\u00e9es de retrouver une vie familiale normale et d\u00e9cente.<\/p>\n<p align=\"center\"><em><b>Conakry, le 1er Mars 2019<\/b><\/em><b><i><\/i><\/b><\/p>\n<p align=\"center\"><strong>LA DIRECTION NATIONALE<\/strong><\/p>\n","protected":false},"excerpt":{"rendered":"<p>C\u2019est dans une \u00a0d\u00e9claration rendue public au terme d\u2019une r\u00e9union tenue au QG du parti, ce vendredi, 1er mars 2019, par la Direction Nationale de l\u2019Union des Forces D\u00e9mocratiques de Guin\u00e9e (UFDG). D\u00e9claration \u00e0 laquelle les responsables de cette formation politique condamnent avec fermet\u00e9 l\u2019op\u00e9ration de d\u00e9guerpissement engag\u00e9 par le minist\u00e8re de la ville de [&hellip;]<\/p>\n","protected":false},"author":2,"featured_media":3165,"comment_status":"open","ping_status":"closed","sticky":false,"template":"","format":"standard","meta":{"buzzeditor_post_format":"","footnotes":""},"categories":[42,1],"tags":[],"class_list":["post-3164","post","type-post","status-publish","format-standard","has-post-thumbnail","hentry","category-news","category-non-classe"],"jetpack_featured_media_url":"https:\/\/guineechrono.com\/wp-content\/uploads\/2019\/03\/kaporo-2-1024x683-681x454.jpg","amp_enabled":true,"_links":{"self":[{"href":"https:\/\/guineechrono.com\/index.php\/wp-json\/wp\/v2\/posts\/3164","targetHints":{"allow":["GET"]}}],"collection":[{"href":"https:\/\/guineechrono.com\/index.php\/wp-json\/wp\/v2\/posts"}],"about":[{"href":"https:\/\/guineechrono.com\/index.php\/wp-json\/wp\/v2\/types\/post"}],"author":[{"embeddable":true,"href":"https:\/\/guineechrono.com\/index.php\/wp-json\/wp\/v2\/users\/2"}],"replies":[{"embeddable":true,"href":"https:\/\/guineechrono.com\/index.php\/wp-json\/wp\/v2\/comments?post=3164"}],"version-history":[{"count":0,"href":"https:\/\/guineechrono.com\/index.php\/wp-json\/wp\/v2\/posts\/3164\/revisions"}],"wp:featuredmedia":[{"embeddable":true,"href":"https:\/\/guineechrono.com\/index.php\/wp-json\/wp\/v2\/media\/3165"}],"wp:attachment":[{"href":"https:\/\/guineechrono.com\/index.php\/wp-json\/wp\/v2\/media?parent=3164"}],"wp:term":[{"taxonomy":"category","embeddable":true,"href":"https:\/\/guineechrono.com\/index.php\/wp-json\/wp\/v2\/categories?post=3164"},{"taxonomy":"post_tag","embeddable":true,"href":"https:\/\/guineechrono.com\/index.php\/wp-json\/wp\/v2\/tags?post=3164"}],"curies":[{"name":"wp","href":"https:\/\/api.w.org\/{rel}","templated":true}]}}