{"id":3174,"date":"2019-03-02T19:45:45","date_gmt":"2019-03-02T18:45:45","guid":{"rendered":"http:\/\/guineechrono.com\/?p=3174"},"modified":"2019-03-02T19:45:45","modified_gmt":"2019-03-02T18:45:45","slug":"incendie-au-marche-de-matoto-le-maire-mamadouba-toss-camara-se-rend-aupres-des-sinistres","status":"publish","type":"post","link":"https:\/\/guineechrono.com\/index.php\/incendie-au-marche-de-matoto-le-maire-mamadouba-toss-camara-se-rend-aupres-des-sinistres\/","title":{"rendered":"Incendie au march\u00e9 de Matoto : le maire Mamadouba Toss Camara se rend aupr\u00e8s des sinistr\u00e9s"},"content":{"rendered":"<p>Quelques heures apr\u00e8s l\u2019incendie, qui a ravag\u00e9 plusieurs boutiques au march\u00e9 de Matoto, le nouveau maire de la commune, s\u2019est rendu sur place pour constater l\u2019ampleur des d\u00e9g\u00e2ts.<\/p>\n<p>Sur le lieu du sinistre, Mamadouba Toss Camara et les responsables des services d\u00e9concentr\u00e9s de la mairie de Matoto, ont \u00e9chang\u00e9 avec les victimes de cet incendie.<\/p>\n<p>Apr\u00e8s cette \u00e9tape, le maire de Matoto s\u2019est dirig\u00e9 vers le domicile d\u2019une des victimes, qui n\u2019\u00e9tait pas pr\u00e9sente au march\u00e9 \u00e0 l\u2019arriv\u00e9e des responsables de la commune et du march\u00e9.<\/p>\n<p>Et pour cause, celui-ci a perdu son nouveau-n\u00e9, la nuit m\u00eame de l\u2019incendie.<\/p>\n<p>\u00ab\u00a0<em>Nous nous sommes rendus chez lui, pour non seulement lui pr\u00e9senter nos condol\u00e9ances suite au d\u00e9c\u00e8s de son enfant, mais aussi pour l\u2019encourager par rapport \u00e0 ce dommage qu\u2019il a subi<\/em>\u00a0\u00bb, a fait savoir Toss Camara, joint par notre r\u00e9daction.<\/p>\n<p>Le maire de la commune de Matoto, a estim\u00e9 que c\u2019est d\u00e9plorable que des citoyens soient confront\u00e9s \u00e0 ce genre de pertes.<\/p>\n<p><strong>mosaiqueguinee<\/strong><\/p>\n","protected":false},"excerpt":{"rendered":"<p>Quelques heures apr\u00e8s l\u2019incendie, qui a ravag\u00e9 plusieurs boutiques au march\u00e9 de Matoto, le nouveau maire de la commune, s\u2019est rendu sur place pour constater l\u2019ampleur des d\u00e9g\u00e2ts. Sur le lieu du sinistre, Mamadouba Toss Camara et les responsables des services d\u00e9concentr\u00e9s de la mairie de Matoto, ont \u00e9chang\u00e9 avec les victimes de cet incendie. [&hellip;]<\/p>\n","protected":false},"author":2,"featured_media":3175,"comment_status":"open","ping_status":"closed","sticky":false,"template":"","format":"standard","meta":{"buzzeditor_post_format":"","footnotes":""},"categories":[1],"tags":[],"class_list":["post-3174","post","type-post","status-publish","format-standard","has-post-thumbnail","hentry","category-non-classe"],"jetpack_featured_media_url":"https:\/\/guineechrono.com\/wp-content\/uploads\/2019\/03\/Toss.jpeg","amp_enabled":true,"_links":{"self":[{"href":"https:\/\/guineechrono.com\/index.php\/wp-json\/wp\/v2\/posts\/3174","targetHints":{"allow":["GET"]}}],"collection":[{"href":"https:\/\/guineechrono.com\/index.php\/wp-json\/wp\/v2\/posts"}],"about":[{"href":"https:\/\/guineechrono.com\/index.php\/wp-json\/wp\/v2\/types\/post"}],"author":[{"embeddable":true,"href":"https:\/\/guineechrono.com\/index.php\/wp-json\/wp\/v2\/users\/2"}],"replies":[{"embeddable":true,"href":"https:\/\/guineechrono.com\/index.php\/wp-json\/wp\/v2\/comments?post=3174"}],"version-history":[{"count":0,"href":"https:\/\/guineechrono.com\/index.php\/wp-json\/wp\/v2\/posts\/3174\/revisions"}],"wp:featuredmedia":[{"embeddable":true,"href":"https:\/\/guineechrono.com\/index.php\/wp-json\/wp\/v2\/media\/3175"}],"wp:attachment":[{"href":"https:\/\/guineechrono.com\/index.php\/wp-json\/wp\/v2\/media?parent=3174"}],"wp:term":[{"taxonomy":"category","embeddable":true,"href":"https:\/\/guineechrono.com\/index.php\/wp-json\/wp\/v2\/categories?post=3174"},{"taxonomy":"post_tag","embeddable":true,"href":"https:\/\/guineechrono.com\/index.php\/wp-json\/wp\/v2\/tags?post=3174"}],"curies":[{"name":"wp","href":"https:\/\/api.w.org\/{rel}","templated":true}]}}