{"id":31772,"date":"2023-10-15T18:41:13","date_gmt":"2023-10-15T17:41:13","guid":{"rendered":"https:\/\/guineechrono.com\/?p=31772"},"modified":"2023-10-15T18:41:13","modified_gmt":"2023-10-15T17:41:13","slug":"education-bonne-nouvelle-pour-les-enseignants-contractuels-guineens","status":"publish","type":"post","link":"https:\/\/guineechrono.com\/index.php\/education-bonne-nouvelle-pour-les-enseignants-contractuels-guineens\/","title":{"rendered":"Education : bonne nouvelle pour les enseignants contractuels guin\u00e9ens"},"content":{"rendered":"<p><strong>Le vendredi 13 octobre 2023 au minist\u00e8re de l\u2019Administration du Territoire et de la D\u00e9centralisation s\u2019est tenue une rencontre d\u2019\u00e9change entre le ministre Mory Cond\u00e9 et quelques enseignants du syndicat national de l\u2019\u00e9ducation.<\/strong><\/p>\n<p>L\u2019objectif \u00e9tait de faire des n\u00e9gociations en vue d\u2019une paie dans un bref d\u00e9lai par le gouvernement de leur arri\u00e9r\u00e9 de salaire mais aussi exiger \u00e0 ce qu\u2019ils soient int\u00e9gr\u00e9s \u00e0 la fonction publique.<\/p>\n<p>Au sortir de ces n\u00e9gociations, Mory Cond\u00e9 dira \u00ab Maintenant nous avons engag\u00e9 des discussions avec le syndicat national de l\u2019\u00e9ducation autour du paiement des arri\u00e9r\u00e9s de ces enseignants contractuels mais \u00e9galement autour de l\u2019exigence faisant de leur recrutement \u00e0 la fonction publique comme une obligation par l\u2019\u00c9tat.<\/p>\n<p>Et je pense que les centrales syndicales \u00e9tant en n\u00e9gociation avec le gouvernement certaines questions relatives \u00e0 ces contractuels avaient d\u00e9j\u00e0 \u00e9t\u00e9 d\u00e9battues.\u00a0 Maintenant il est revenu \u00e0 la coordination nationale des enseignants contractuels de proposer au nom d\u2019un certain acte de patriotisme mais aussi d\u2019engagement pour le syst\u00e8me \u00e9ducatif et aussi pour une question de carri\u00e8re de minimiser la question li\u00e9e \u00e0 la paie de leur arri\u00e9r\u00e9s de salaire mais d\u2019amener le gouvernement \u00e0 accepter leur engagement \u00e0 la fonction publique\u00bb, a-t-il pr\u00e9cis\u00e9.<\/p>\n<p>De poursuivre, le ministre Mory Cond\u00e9 rappelle que : \u00ab Pendant les vacances le gouvernement a engag\u00e9 un programme d\u2019authentification des dipl\u00f4mes de ces jeunes qui ont enseign\u00e9 durant un an au niveau des concessions scolaires. Nous avons re\u00e7u la quasi-totalit\u00e9 de ces enseignants contractuels r\u00e9partis en trois lots notamment ceux qui sont sortis des \u00c9coles Nationales des Instituteurs, ENI, ceux-l\u00e0 qui ont fait l\u2019Institut Sup\u00e9rieur des Sciences de l\u2019Education Guin\u00e9enne, ISSEG et ceux-l\u00e0 qui sont sortis des Universit\u00e9s et qui ont enseign\u00e9 durant cinq ans mais qui n\u2019ont pas fr\u00e9quent\u00e9 un \u00e9tablissement sp\u00e9cialis\u00e9 dans l\u2019enseignement.\u00a0 Donc les dipl\u00f4mes de ces trois lots ont \u00e9t\u00e9 authentifi\u00e9s \u00e0 date\u00bb.<\/p>\n<p>De conclure, le locataire du minist\u00e8re guin\u00e9en de l\u2019Administration du Territoire demande \u00e0 ce que les enseignants contractuels avec les diff\u00e9rents syndicats de l\u2019\u00e9ducation se retrouvent dans les jours \u00e0 venir pour mat\u00e9rialiser leur engagement afin qu\u2019\u00e0 l\u2019issue du prochain conseil des ministres ou le PM pr\u00e9sentera la position du gouvernement pour signer un protocole final visant \u00e0 envoyer ces contractuels dans les concessions scolaires.<\/p>\n<p><strong>Amadou Kant\u00e9<\/strong><\/p>\n","protected":false},"excerpt":{"rendered":"<p>Le vendredi 13 octobre 2023 au minist\u00e8re de l\u2019Administration du Territoire et de la D\u00e9centralisation s\u2019est tenue une rencontre d\u2019\u00e9change entre le ministre Mory Cond\u00e9 et quelques enseignants du syndicat national de l\u2019\u00e9ducation. L\u2019objectif \u00e9tait de faire des n\u00e9gociations en vue d\u2019une paie dans un bref d\u00e9lai par le gouvernement de leur arri\u00e9r\u00e9 de salaire [&hellip;]<\/p>\n","protected":false},"author":2,"featured_media":31773,"comment_status":"open","ping_status":"closed","sticky":false,"template":"","format":"standard","meta":{"buzzeditor_post_format":"","footnotes":""},"categories":[42],"tags":[],"class_list":["post-31772","post","type-post","status-publish","format-standard","has-post-thumbnail","hentry","category-news"],"jetpack_featured_media_url":"https:\/\/guineechrono.com\/wp-content\/uploads\/2023\/10\/contractuel.jpg","amp_enabled":true,"_links":{"self":[{"href":"https:\/\/guineechrono.com\/index.php\/wp-json\/wp\/v2\/posts\/31772","targetHints":{"allow":["GET"]}}],"collection":[{"href":"https:\/\/guineechrono.com\/index.php\/wp-json\/wp\/v2\/posts"}],"about":[{"href":"https:\/\/guineechrono.com\/index.php\/wp-json\/wp\/v2\/types\/post"}],"author":[{"embeddable":true,"href":"https:\/\/guineechrono.com\/index.php\/wp-json\/wp\/v2\/users\/2"}],"replies":[{"embeddable":true,"href":"https:\/\/guineechrono.com\/index.php\/wp-json\/wp\/v2\/comments?post=31772"}],"version-history":[{"count":0,"href":"https:\/\/guineechrono.com\/index.php\/wp-json\/wp\/v2\/posts\/31772\/revisions"}],"wp:featuredmedia":[{"embeddable":true,"href":"https:\/\/guineechrono.com\/index.php\/wp-json\/wp\/v2\/media\/31773"}],"wp:attachment":[{"href":"https:\/\/guineechrono.com\/index.php\/wp-json\/wp\/v2\/media?parent=31772"}],"wp:term":[{"taxonomy":"category","embeddable":true,"href":"https:\/\/guineechrono.com\/index.php\/wp-json\/wp\/v2\/categories?post=31772"},{"taxonomy":"post_tag","embeddable":true,"href":"https:\/\/guineechrono.com\/index.php\/wp-json\/wp\/v2\/tags?post=31772"}],"curies":[{"name":"wp","href":"https:\/\/api.w.org\/{rel}","templated":true}]}}