{"id":31783,"date":"2023-10-16T21:51:32","date_gmt":"2023-10-16T20:51:32","guid":{"rendered":"https:\/\/guineechrono.com\/?p=31783"},"modified":"2023-10-16T21:51:32","modified_gmt":"2023-10-16T20:51:32","slug":"1ere-edition-dafro-hair-beauty-la-promotion-de-la-coiffure-made-in-guinea-a-lhonneur","status":"publish","type":"post","link":"https:\/\/guineechrono.com\/index.php\/1ere-edition-dafro-hair-beauty-la-promotion-de-la-coiffure-made-in-guinea-a-lhonneur\/","title":{"rendered":"1\u00e8re \u00e9dition d\u2019AFRO HAIR BEAUTY : la promotion de la coiffure made in guinea \u00e0 l\u2019honneur"},"content":{"rendered":"<p><strong>Le festival AFRO HAIR BEAUTY s&rsquo;est tenu du 13 au 14 octobre 2013 \u00e0 Conakry dans la commune de Kaloum. C&rsquo;est une initiative de la fondation d&rsquo;impact africain qui a mis en \u00e9vidence la promotion de la culture africaine en g\u00e9n\u00e9ral et celle guin\u00e9enne en particulier. <\/strong><\/p>\n<p>Lors des festivit\u00e9s de cl\u00f4ture de cet \u00e9v\u00e8nement tr\u00e8s orient\u00e9 vers la promotion du contenu local, les organisateurs ont fait mention de la n\u00e9cessit\u00e9 d&rsquo;am\u00e9liorer la perception de ceux qui \u00e9voluent dans le domaine de la coiffure. Parce qu&rsquo;estiment-ils que la coiffure est une activit\u00e9 \u00e0 part enti\u00e8re.<\/p>\n<p>Plusieurs stands ont \u00e9t\u00e9 au menu de cette rencontre, \u00e0 savoir : la restauration, les salons de coiffure, la vente de produits cosm\u00e9tiques made in guinea, des expositions d&rsquo;entreprises et d&rsquo;associations, mais aussi des stands pour la mode et l&rsquo;artisanat.<\/p>\n<p><a href=\"https:\/\/guineechrono.com\/wp-content\/uploads\/2023\/10\/coiffure1.jpg\"><img fetchpriority=\"high\" decoding=\"async\" class=\"alignnone size-medium wp-image-31785\" src=\"https:\/\/guineechrono.com\/wp-content\/uploads\/2023\/10\/coiffure1-300x225.jpg\" alt=\"\" width=\"300\" height=\"225\" srcset=\"https:\/\/guineechrono.com\/wp-content\/uploads\/2023\/10\/coiffure1-300x225.jpg 300w, https:\/\/guineechrono.com\/wp-content\/uploads\/2023\/10\/coiffure1-1024x768.jpg 1024w, https:\/\/guineechrono.com\/wp-content\/uploads\/2023\/10\/coiffure1-768x576.jpg 768w, https:\/\/guineechrono.com\/wp-content\/uploads\/2023\/10\/coiffure1-80x60.jpg 80w, https:\/\/guineechrono.com\/wp-content\/uploads\/2023\/10\/coiffure1-265x198.jpg 265w, https:\/\/guineechrono.com\/wp-content\/uploads\/2023\/10\/coiffure1-696x522.jpg 696w, https:\/\/guineechrono.com\/wp-content\/uploads\/2023\/10\/coiffure1-1068x801.jpg 1068w, https:\/\/guineechrono.com\/wp-content\/uploads\/2023\/10\/coiffure1-560x420.jpg 560w, https:\/\/guineechrono.com\/wp-content\/uploads\/2023\/10\/coiffure1.jpg 1080w\" sizes=\"(max-width: 300px) 100vw, 300px\" \/><\/a><\/p>\n<p>Dans son discours de cl\u00f4ture, Bintou Camara, l&rsquo;initiatrice de AFRO HAIR BEAUTY FESTIVAL et Pr\u00e9sidente de la fondation d&rsquo;impact africain a apport\u00e9 des \u00e9l\u00e9ments de r\u00e9ponse en termes d&rsquo;objectifs de cette initiative.<\/p>\n<p>\u00abL\u2019objectif principal de ce festival c&rsquo;\u00e9tait avant tout de valoriser ce que nous avons ici comme identit\u00e9 culturelle. \u00c0 travers notamment la promotion de la coiffure africaine et c&rsquo;est ce qui a \u00e9t\u00e9 fait. Au-del\u00e0 de \u00e7a il y a eu des formations que nous avons offertes \u00e0 plus de 200 personnes aux techniques de saponification, au maquillage artistique, \u00e0 la coiffure africaine. Il y a eu des expositions de vente de produits issus de l&rsquo;artisanat guin\u00e9en\u00bb, a-t-elle soulign\u00e9.<\/p>\n<p>De poursuivre, elle affirme sa satisfaction pour la r\u00e9ussite de cet \u00e9v\u00e9nement et lance un appel \u00e0 l&rsquo;endroit des partenaires techniques et financiers avant de faire la promesse d&rsquo;encourager la participation d&rsquo;autres pays africains lors des prochaines \u00e9ditions.<\/p>\n<p>\u00abJe suis tr\u00e8s satisfaite du d\u00e9roulement de cette premi\u00e8re \u00e9dition de ce festival parce que nous avons pu mobiliser \u00e0 ce jour plus de 200 salons de coiffure sur le plan national. Nous avons aussi pu mobiliser les maquilleurs, les stylistes et tous ceux qui sont dans le domaine du made in guinea. En ce qui concerne les prochaines \u00e9ditions nous demandons un accompagnement des autorit\u00e9s parce que nous faisons de la valorisation de notre patrimoine culturel. Donc j&rsquo;aimerais que les partenaires s&rsquo;y int\u00e9ressent parce que c&rsquo;est l&rsquo;image de la Guin\u00e9e qui est \u00e0 promouvoir.<\/p>\n<p>Au-del\u00e0 de ce que nous faisons avec nos propres fonds pour qu&rsquo;on puisse pour la prochaine \u00e9dition \u00e9largir ce festival sur le plan national et aussi faire en sorte que la participation des pays de la sous-r\u00e9gion soit incluse. Donc c&rsquo;est pour que la sensibilisation de la valorisation des coiffures africaines soit prise en compte\u00bb, a-t-elle pr\u00e9cis\u00e9.<\/p>\n<p><a href=\"https:\/\/guineechrono.com\/wp-content\/uploads\/2023\/10\/coiffure2.jpg\"><img decoding=\"async\" class=\"alignnone size-medium wp-image-31786\" src=\"https:\/\/guineechrono.com\/wp-content\/uploads\/2023\/10\/coiffure2-300x225.jpg\" alt=\"\" width=\"300\" height=\"225\" srcset=\"https:\/\/guineechrono.com\/wp-content\/uploads\/2023\/10\/coiffure2-300x225.jpg 300w, https:\/\/guineechrono.com\/wp-content\/uploads\/2023\/10\/coiffure2-1024x768.jpg 1024w, https:\/\/guineechrono.com\/wp-content\/uploads\/2023\/10\/coiffure2-768x576.jpg 768w, https:\/\/guineechrono.com\/wp-content\/uploads\/2023\/10\/coiffure2-80x60.jpg 80w, https:\/\/guineechrono.com\/wp-content\/uploads\/2023\/10\/coiffure2-265x198.jpg 265w, https:\/\/guineechrono.com\/wp-content\/uploads\/2023\/10\/coiffure2-696x522.jpg 696w, https:\/\/guineechrono.com\/wp-content\/uploads\/2023\/10\/coiffure2-1068x801.jpg 1068w, https:\/\/guineechrono.com\/wp-content\/uploads\/2023\/10\/coiffure2-560x420.jpg 560w, https:\/\/guineechrono.com\/wp-content\/uploads\/2023\/10\/coiffure2.jpg 1080w\" sizes=\"(max-width: 300px) 100vw, 300px\" \/><\/a><\/p>\n<p>Pour sa part, Ali Bangoura directeur de projet dudit festival estime que c&rsquo;est un projet social d&rsquo;int\u00e9gration. \u00abC\u2019est un sentiment de joie malgr\u00e9 les nombreuses difficult\u00e9s li\u00e9es \u00e0 l&rsquo;organisation de ce spectacle nous avons tenu le pari de faire la promotion de la culture \u00e0 travers la coiffure, les produits capillaires et en mettant en avant uniquement les salons de coiffure. C&rsquo;est donc un projet social d&rsquo;int\u00e9gration et nous sommes tr\u00e8s fiers de pouvoir le r\u00e9aliser. Compte tenu du fait que c&rsquo;est notre premi\u00e8re exp\u00e9rience on prendra note des imperfections pour mieux \u00e9laborer la mise en \u0153uvre des prochaines \u00e9ditions de AFRO HAIR BEAUTY FESTIVAL\u00bb, a-t-il affirm\u00e9.<\/p>\n<p><a href=\"https:\/\/guineechrono.com\/wp-content\/uploads\/2023\/10\/coiffure3.jpg\"><img decoding=\"async\" class=\"alignnone size-medium wp-image-31787\" src=\"https:\/\/guineechrono.com\/wp-content\/uploads\/2023\/10\/coiffure3-300x225.jpg\" alt=\"\" width=\"300\" height=\"225\" srcset=\"https:\/\/guineechrono.com\/wp-content\/uploads\/2023\/10\/coiffure3-300x225.jpg 300w, https:\/\/guineechrono.com\/wp-content\/uploads\/2023\/10\/coiffure3-1024x768.jpg 1024w, https:\/\/guineechrono.com\/wp-content\/uploads\/2023\/10\/coiffure3-768x576.jpg 768w, https:\/\/guineechrono.com\/wp-content\/uploads\/2023\/10\/coiffure3-80x60.jpg 80w, https:\/\/guineechrono.com\/wp-content\/uploads\/2023\/10\/coiffure3-265x198.jpg 265w, https:\/\/guineechrono.com\/wp-content\/uploads\/2023\/10\/coiffure3-696x522.jpg 696w, https:\/\/guineechrono.com\/wp-content\/uploads\/2023\/10\/coiffure3-1068x801.jpg 1068w, https:\/\/guineechrono.com\/wp-content\/uploads\/2023\/10\/coiffure3-560x420.jpg 560w, https:\/\/guineechrono.com\/wp-content\/uploads\/2023\/10\/coiffure3.jpg 1080w\" sizes=\"(max-width: 300px) 100vw, 300px\" \/><\/a><\/p>\n<p>Mariam Cond\u00e9 g\u00e9rante du salon afro save napi d\u00e9fini l&rsquo;initiative comme \u00e9tant une opportunit\u00e9 de sensibilisation de la gente f\u00e9minine sur la n\u00e9cessit\u00e9 de s&rsquo;approprier du made in guinea.<\/p>\n<p>\u00abJe me r\u00e9jouis de notre contribution pour la beaut\u00e9 de la femme africaine. Parce que je fais de la sensibilisation autour de \u00e7a depuis un certain moment. J&rsquo;ai souvent parl\u00e9 du d\u00e9frichage des cheveux et les cons\u00e9quences des produits chimiques sur les cheveux des femmes qui les utilisent sans en tenir compte. Donc \u00e7a \u00e9t\u00e9 une grande opportunit\u00e9 pour moi de profiter de ce \u00e9v\u00e9nement pour continuer \u00e0 sensibiliser les jeunes filles et les femmes pour les insister \u00e0 aussi avoir de l&rsquo;int\u00e9r\u00eat pour la coiffure. Je profite de cet \u00e9v\u00e9nement pour vraiment remercier les organisateurs pour cette initiative qui pr\u00f4nent la coiffure made in guinea\u00bb, dit-elle.<\/p>\n<p>&nbsp;<\/p>\n<p>Faut-il rappeler qu&rsquo;il y a aussi eu des pr\u00e9sentations artistiques et des d\u00e9monstrations de coiffure au profit des participants pour promouvoir les talents des coiffeurs ayant pris part \u00e0 ce rendez-vous esth\u00e9tique. La rencontre a pris fin par des r\u00e9cits de contes, des prestations artistiques, des d\u00e9fil\u00e9s de mode. Des pr\u00e9sents ont aussi \u00e9t\u00e9 offerts aux structures et salon de beaut\u00e9 pour leur participation mais aussi leur accompagnement \u00e0 la promotion de la culture guin\u00e9enne.<\/p>\n<p><strong>Amadou Kant\u00e9<\/strong><\/p>\n","protected":false},"excerpt":{"rendered":"<p>Le festival AFRO HAIR BEAUTY s&rsquo;est tenu du 13 au 14 octobre 2013 \u00e0 Conakry dans la commune de Kaloum. C&rsquo;est une initiative de la fondation d&rsquo;impact africain qui a mis en \u00e9vidence la promotion de la culture africaine en g\u00e9n\u00e9ral et celle guin\u00e9enne en particulier. Lors des festivit\u00e9s de cl\u00f4ture de cet \u00e9v\u00e8nement tr\u00e8s [&hellip;]<\/p>\n","protected":false},"author":2,"featured_media":31784,"comment_status":"open","ping_status":"closed","sticky":false,"template":"","format":"standard","meta":{"buzzeditor_post_format":"","footnotes":""},"categories":[47],"tags":[],"class_list":["post-31783","post","type-post","status-publish","format-standard","has-post-thumbnail","hentry","category-culture"],"jetpack_featured_media_url":"https:\/\/guineechrono.com\/wp-content\/uploads\/2023\/10\/Coiffure.jpg","amp_enabled":true,"_links":{"self":[{"href":"https:\/\/guineechrono.com\/index.php\/wp-json\/wp\/v2\/posts\/31783","targetHints":{"allow":["GET"]}}],"collection":[{"href":"https:\/\/guineechrono.com\/index.php\/wp-json\/wp\/v2\/posts"}],"about":[{"href":"https:\/\/guineechrono.com\/index.php\/wp-json\/wp\/v2\/types\/post"}],"author":[{"embeddable":true,"href":"https:\/\/guineechrono.com\/index.php\/wp-json\/wp\/v2\/users\/2"}],"replies":[{"embeddable":true,"href":"https:\/\/guineechrono.com\/index.php\/wp-json\/wp\/v2\/comments?post=31783"}],"version-history":[{"count":0,"href":"https:\/\/guineechrono.com\/index.php\/wp-json\/wp\/v2\/posts\/31783\/revisions"}],"wp:featuredmedia":[{"embeddable":true,"href":"https:\/\/guineechrono.com\/index.php\/wp-json\/wp\/v2\/media\/31784"}],"wp:attachment":[{"href":"https:\/\/guineechrono.com\/index.php\/wp-json\/wp\/v2\/media?parent=31783"}],"wp:term":[{"taxonomy":"category","embeddable":true,"href":"https:\/\/guineechrono.com\/index.php\/wp-json\/wp\/v2\/categories?post=31783"},{"taxonomy":"post_tag","embeddable":true,"href":"https:\/\/guineechrono.com\/index.php\/wp-json\/wp\/v2\/tags?post=31783"}],"curies":[{"name":"wp","href":"https:\/\/api.w.org\/{rel}","templated":true}]}}