{"id":3180,"date":"2019-03-02T20:51:04","date_gmt":"2019-03-02T19:51:04","guid":{"rendered":"http:\/\/guineechrono.com\/?p=3180"},"modified":"2019-03-02T20:51:04","modified_gmt":"2019-03-02T19:51:04","slug":"education-les-enseignants-dits-contractuels-reprennent-leurs-manifestations-des-lundi","status":"publish","type":"post","link":"https:\/\/guineechrono.com\/index.php\/education-les-enseignants-dits-contractuels-reprennent-leurs-manifestations-des-lundi\/","title":{"rendered":"Education: les enseignants dits contractuels reprennent leurs manifestations d\u00e8s lundi"},"content":{"rendered":"<p><em><strong>Guin\u00e9e: Au terme d\u2019une assembl\u00e9e g\u00e9n\u00e9rale tenue ce samedi au si\u00e8ge du Syndicat National de l\u2019Education,\u00a0 les enseignants qui ont donn\u00e9 cours durant la gr\u00e8ve du SLECG ont d\u00e9cid\u00e9 de reprendre leur mouvement de protestation pour exiger du gouvernement leur engagement sans d\u00e9lai ni concours \u00e0 la fonction publique.<\/strong><\/em><span id=\"more-5487\"><\/span><\/p>\n<p>Ces enseignants, par la voix de leur coordinateur g\u00e9n\u00e9ral, ont expliqu\u00e9 ce rebondissement par le non-respect par le minist\u00e8re de l\u2019Education Nationale et de l\u2019Alphab\u00e9tisation d\u2019un engagement pris selon eux,\u00a0 au mois de f\u00e9vrier dernier.<\/p>\n<p><em>\u00abLe d\u00e9partement de l\u2019Education Nationale, \u00e0 travers Madame l\u2019inspectrice g\u00e9n\u00e9rale de l\u2019\u00e9ducation nous avait promis de tout mettre en \u0153uvre pour examiner notre situation pour notre engagement d\u00e9but mars.\u00a0 Aujourd\u2019hui, rien n\u2019est fait. C\u2019est pourquoi nous avons d\u00e9cid\u00e9 de reprendre d\u00e8s lundi nos mouvements de protestation avec d\u2019autres strat\u00e9gies\u00bb,<\/em>\u00a0\u00a0a indiqu\u00e9 le coordinateur g\u00e9n\u00e9ral de ses enseignants.<\/p>\n<p>Et ce\u00a0; poursuit-il, jusqu\u2019\u00e0 la prise en compte de nos revendications.<br \/>\n\u00a8Plus loin, Alseny Mabinty Camara a appel\u00e9 \u00e0 la d\u00e9termination et \u00e0 la mobilisation de ses coll\u00e8gues pour, dit-il, la d\u00e9fense de leurs\u00a0 causes.<\/p>\n<p>\u00abSoyons mobilis\u00e9s et d\u00e9termin\u00e9s car ensemble nous vaincrons\u00a0\u00bb, \u00a0a t-il lanc\u00e9 devant \u00a0ses coll\u00e8gues fortement mobilis\u00e9s pour la circonstance.<\/p>\n<p><strong>guinee114<\/strong><\/p>\n","protected":false},"excerpt":{"rendered":"<p>Guin\u00e9e: Au terme d\u2019une assembl\u00e9e g\u00e9n\u00e9rale tenue ce samedi au si\u00e8ge du Syndicat National de l\u2019Education,\u00a0 les enseignants qui ont donn\u00e9 cours durant la gr\u00e8ve du SLECG ont d\u00e9cid\u00e9 de reprendre leur mouvement de protestation pour exiger du gouvernement leur engagement sans d\u00e9lai ni concours \u00e0 la fonction publique. Ces enseignants, par la voix de [&hellip;]<\/p>\n","protected":false},"author":2,"featured_media":3181,"comment_status":"open","ping_status":"closed","sticky":false,"template":"","format":"standard","meta":{"buzzeditor_post_format":"","footnotes":""},"categories":[1],"tags":[],"class_list":["post-3180","post","type-post","status-publish","format-standard","has-post-thumbnail","hentry","category-non-classe"],"jetpack_featured_media_url":"https:\/\/guineechrono.com\/wp-content\/uploads\/2019\/03\/Contractuel.jpg","amp_enabled":true,"_links":{"self":[{"href":"https:\/\/guineechrono.com\/index.php\/wp-json\/wp\/v2\/posts\/3180","targetHints":{"allow":["GET"]}}],"collection":[{"href":"https:\/\/guineechrono.com\/index.php\/wp-json\/wp\/v2\/posts"}],"about":[{"href":"https:\/\/guineechrono.com\/index.php\/wp-json\/wp\/v2\/types\/post"}],"author":[{"embeddable":true,"href":"https:\/\/guineechrono.com\/index.php\/wp-json\/wp\/v2\/users\/2"}],"replies":[{"embeddable":true,"href":"https:\/\/guineechrono.com\/index.php\/wp-json\/wp\/v2\/comments?post=3180"}],"version-history":[{"count":0,"href":"https:\/\/guineechrono.com\/index.php\/wp-json\/wp\/v2\/posts\/3180\/revisions"}],"wp:featuredmedia":[{"embeddable":true,"href":"https:\/\/guineechrono.com\/index.php\/wp-json\/wp\/v2\/media\/3181"}],"wp:attachment":[{"href":"https:\/\/guineechrono.com\/index.php\/wp-json\/wp\/v2\/media?parent=3180"}],"wp:term":[{"taxonomy":"category","embeddable":true,"href":"https:\/\/guineechrono.com\/index.php\/wp-json\/wp\/v2\/categories?post=3180"},{"taxonomy":"post_tag","embeddable":true,"href":"https:\/\/guineechrono.com\/index.php\/wp-json\/wp\/v2\/tags?post=3180"}],"curies":[{"name":"wp","href":"https:\/\/api.w.org\/{rel}","templated":true}]}}