{"id":31855,"date":"2023-10-27T11:42:11","date_gmt":"2023-10-27T10:42:11","guid":{"rendered":"https:\/\/guineechrono.com\/?p=31855"},"modified":"2023-10-27T11:42:11","modified_gmt":"2023-10-27T10:42:11","slug":"conakry-louverture-dun-atelier-de-consolidation-des-acteurs-mediatiques-sur-les-strategies-de-prevention-et-de-lutte-contre-les-discours-de-haine","status":"publish","type":"post","link":"https:\/\/guineechrono.com\/index.php\/conakry-louverture-dun-atelier-de-consolidation-des-acteurs-mediatiques-sur-les-strategies-de-prevention-et-de-lutte-contre-les-discours-de-haine\/","title":{"rendered":"Conakry : l\u2019ouverture d\u2019un atelier de consolidation des acteurs m\u00e9diatiques sur les strat\u00e9gies de pr\u00e9vention et de lutte contre les discours de haine"},"content":{"rendered":"<p><strong>Le Fonds d\u2019Appui au D\u00e9veloppement des M\u00e9dias (FADEM) \u00a0en partenariat avec le syst\u00e8me des nations unis a organis\u00e9 ce jeudi 26 octobre 2023 un atelier de consultation des acteurs m\u00e9diatiques sur les strat\u00e9gies de pr\u00e9vention et de lutte contre les discours de haine. <\/strong><\/p>\n<p>Cet atelier vise \u00e0 cr\u00e9er un espace d\u2019\u00e9changes favorable \u00e0 la r\u00e9flexion critique sur le r\u00f4le des m\u00e9dias dans la pr\u00e9vention et la lutte contre les discours de haine. Il a regroup\u00e9 une cinquantaine de journalistes venus des diff\u00e9rents organes de presse et associations.<\/p>\n<p><a href=\"https:\/\/guineechrono.com\/wp-content\/uploads\/2023\/10\/fadem1.jpg\"><img fetchpriority=\"high\" decoding=\"async\" class=\"alignnone size-medium wp-image-31857\" src=\"https:\/\/guineechrono.com\/wp-content\/uploads\/2023\/10\/fadem1-300x225.jpg\" alt=\"\" width=\"300\" height=\"225\" srcset=\"https:\/\/guineechrono.com\/wp-content\/uploads\/2023\/10\/fadem1-300x225.jpg 300w, https:\/\/guineechrono.com\/wp-content\/uploads\/2023\/10\/fadem1-1024x768.jpg 1024w, https:\/\/guineechrono.com\/wp-content\/uploads\/2023\/10\/fadem1-768x576.jpg 768w, https:\/\/guineechrono.com\/wp-content\/uploads\/2023\/10\/fadem1-1536x1152.jpg 1536w, https:\/\/guineechrono.com\/wp-content\/uploads\/2023\/10\/fadem1-80x60.jpg 80w, https:\/\/guineechrono.com\/wp-content\/uploads\/2023\/10\/fadem1-265x198.jpg 265w, https:\/\/guineechrono.com\/wp-content\/uploads\/2023\/10\/fadem1-696x522.jpg 696w, https:\/\/guineechrono.com\/wp-content\/uploads\/2023\/10\/fadem1-1068x801.jpg 1068w, https:\/\/guineechrono.com\/wp-content\/uploads\/2023\/10\/fadem1-560x420.jpg 560w, https:\/\/guineechrono.com\/wp-content\/uploads\/2023\/10\/fadem1-1920x1440.jpg 1920w, https:\/\/guineechrono.com\/wp-content\/uploads\/2023\/10\/fadem1.jpg 2048w\" sizes=\"(max-width: 300px) 100vw, 300px\" \/><\/a><\/p>\n<p>Dans son intervention, Souleymane Bah, a rappel\u00e9 aux participants leur r\u00f4le \u00e0 l\u2019approche de l\u2019ordre constitutionnel pour la consolidation de la paix.\u00a0 \u00abNous sommes dans une transition et c\u2019est tr\u00e8s important \u00e0 l\u2019approche de l\u2019ordre constitutionnel que nous les journalistes, nous les techniciens et hommes de m\u00e9dias travaillons ensemble pour consolider la paix \u00bb.<\/p>\n<p>Pour sa part, le secr\u00e9taire g\u00e9n\u00e9ral du Minist\u00e8re de l\u2019Information et de la Communication, repr\u00e9sentant de madame la ministre a indiqu\u00e9 que la responsabilit\u00e9 des hommes de medias est engag\u00e9e dans la lutte contre les discours de haine.<\/p>\n<p>\u00abAujourd\u2019hui faire en sorte qu\u2019on se retrouve ici pour impliquer les m\u00e9dias pour leur dire que leur responsabilit\u00e9 est engag\u00e9e dans cette affaire-l\u00e0. On est ici parce que le FADEM l\u2019a voulu, parce qu\u2019on est dans un processus de professionnalisation et de viabilisation des entreprises de presse.<\/p>\n<p>Nous savons que nous allons arriver au retour \u00e0 l\u2019ordre constitutionnel, nous avons la question de la sensibilit\u00e9 et de l\u2019adversit\u00e9 politique qui peut se transformer parfois en une instrumentalisation soit des blogueurs ou des journalistes. si nous ne nous arr\u00eatons pas sur ce sujet-l\u00e0, nous risquons peut-\u00eatre sans faire attention \u00e0 entrer dans un environnement qui va \u00eatre celui conflictuel, un environnement de violence et c\u2019est \u00e0 \u00e7a qu\u2019il faut faire attention et faire face pour que nous puissions traverser cette p\u00e9riode de transition dans la coh\u00e9sion, dans l\u2019unit\u00e9 et dans la fraternit\u00e9 qui est attendu par chacun des guin\u00e9ens\u00a0\u00bb.<\/p>\n<p>A noter que ce genre d\u2019atelier va se poursuivre dans toutes les pr\u00e9fectures de la Guin\u00e9e \u00e0 l\u2019intention des journalistes.<\/p>\n<p><strong>R\u00e9daction \u00a0<\/strong><\/p>\n","protected":false},"excerpt":{"rendered":"<p>Le Fonds d\u2019Appui au D\u00e9veloppement des M\u00e9dias (FADEM) \u00a0en partenariat avec le syst\u00e8me des nations unis a organis\u00e9 ce jeudi 26 octobre 2023 un atelier de consultation des acteurs m\u00e9diatiques sur les strat\u00e9gies de pr\u00e9vention et de lutte contre les discours de haine. Cet atelier vise \u00e0 cr\u00e9er un espace d\u2019\u00e9changes favorable \u00e0 la r\u00e9flexion [&hellip;]<\/p>\n","protected":false},"author":2,"featured_media":31856,"comment_status":"open","ping_status":"closed","sticky":false,"template":"","format":"standard","meta":{"buzzeditor_post_format":"","footnotes":""},"categories":[42],"tags":[],"class_list":["post-31855","post","type-post","status-publish","format-standard","has-post-thumbnail","hentry","category-news"],"jetpack_featured_media_url":"https:\/\/guineechrono.com\/wp-content\/uploads\/2023\/10\/fadem.jpg","amp_enabled":true,"_links":{"self":[{"href":"https:\/\/guineechrono.com\/index.php\/wp-json\/wp\/v2\/posts\/31855","targetHints":{"allow":["GET"]}}],"collection":[{"href":"https:\/\/guineechrono.com\/index.php\/wp-json\/wp\/v2\/posts"}],"about":[{"href":"https:\/\/guineechrono.com\/index.php\/wp-json\/wp\/v2\/types\/post"}],"author":[{"embeddable":true,"href":"https:\/\/guineechrono.com\/index.php\/wp-json\/wp\/v2\/users\/2"}],"replies":[{"embeddable":true,"href":"https:\/\/guineechrono.com\/index.php\/wp-json\/wp\/v2\/comments?post=31855"}],"version-history":[{"count":0,"href":"https:\/\/guineechrono.com\/index.php\/wp-json\/wp\/v2\/posts\/31855\/revisions"}],"wp:featuredmedia":[{"embeddable":true,"href":"https:\/\/guineechrono.com\/index.php\/wp-json\/wp\/v2\/media\/31856"}],"wp:attachment":[{"href":"https:\/\/guineechrono.com\/index.php\/wp-json\/wp\/v2\/media?parent=31855"}],"wp:term":[{"taxonomy":"category","embeddable":true,"href":"https:\/\/guineechrono.com\/index.php\/wp-json\/wp\/v2\/categories?post=31855"},{"taxonomy":"post_tag","embeddable":true,"href":"https:\/\/guineechrono.com\/index.php\/wp-json\/wp\/v2\/tags?post=31855"}],"curies":[{"name":"wp","href":"https:\/\/api.w.org\/{rel}","templated":true}]}}