{"id":3191,"date":"2019-03-04T20:10:54","date_gmt":"2019-03-04T19:10:54","guid":{"rendered":"http:\/\/guineechrono.com\/?p=3191"},"modified":"2019-03-04T20:10:54","modified_gmt":"2019-03-04T19:10:54","slug":"celebration-des-journees-internationales-le-budget-en-fin-connu","status":"publish","type":"post","link":"https:\/\/guineechrono.com\/index.php\/celebration-des-journees-internationales-le-budget-en-fin-connu\/","title":{"rendered":"C\u00e9l\u00e9bration des journ\u00e9es internationales :le budget  en fin connu"},"content":{"rendered":"<p><b>C&rsquo;est au cours d&rsquo;une conf\u00e9rence de presse annim\u00e9e ce week-end que le ministre de l&rsquo;action sociale, de la promotion feminine et de l&rsquo;enfance a devoil\u00e9 le budget allou\u00e9 \u00e0 la c\u00e9lebration des journ\u00e9es internatioinales.<\/b><\/p>\n<p>Selon Mariama sylla, ministre de l\u2019action sociale, de la promotion f\u00e9minine et de l\u2019enfance, le budget allou\u00e9 pour c\u00e9l\u00e9brer les journ\u00e9es internationales au compte de\u00a0 cette ann\u00e9e 2019 s\u2019\u00e9l\u00e8ve a un montant de 4 milliards de francs guin\u00e9ens. \u00ab\u00a0<i>Cette ann\u00e9e, il y a 7 journ\u00e9es internationales retenues par notre d\u00e9partement \u00a0qui doivent \u00eatre c\u00e9l\u00e9br\u00e9es\u00a0: la journ\u00e9e internationale de lutte contre les mutilations g\u00e9nitales f\u00e9minines, la journ\u00e9e internationale de la femme, la journ\u00e9e de la famine, le mois de l\u2019enfant; la journ\u00e9e internationale de lutte contre les violences bas\u00e9es sur le genre, la journ\u00e9e internationale des droits de l\u2019homme, la journ\u00e9e internationale des personnes handicap\u00e9es<\/i>\u00a0\u00bb, pr\u00e9cise-t-elle.<\/p>\n<p>Outre les journ\u00e9es cit\u00e9es, le ministre de l\u2019action sociale, de la promotion f\u00e9minine et de l\u2019enfance \u00a0a indiqu\u00e9 qu\u2019il y a la journ\u00e9e de l\u2019albinisme, la journ\u00e9e relative \u00e0 la r\u00e9solution 13 -25 et la journ\u00e9e des personnes \u00e2g\u00e9es.<\/p>\n<p>Pour elle, ce budget permettra la r\u00e9ussite de toutes ces festivit\u00e9s en gestation au courant de l\u2019ann\u00e9e 2019.<\/p>\n<p>Enfin, elle a soulign\u00e9 que le \u00a0d\u00e9partement de l\u2019Action sociale est par essence, le minist\u00e8re charg\u00e9 de faire les plaidoyers.\u00a0<i>\u00ab\u00a0Nous avons 13 journ\u00e9es internationales \u00e0 c\u00e9l\u00e9brer, mais quand nous avons fait la synth\u00e8se, nous avons essay\u00e9 de regrouper \u00e0 sept c\u00e9l\u00e9brations\u00a0<\/i>\u00bb conclut-elle.<\/p>\n<div class=\"yj6qo ajU\">\n<div id=\":he\" class=\"ajR\" tabindex=\"0\" role=\"button\" aria-label=\"Masquer le contenu abr\u00e9g\u00e9\" aria-expanded=\"true\" data-tooltip=\"Masquer le contenu abr\u00e9g\u00e9\"><img decoding=\"async\" class=\"ajT\" src=\"https:\/\/ssl.gstatic.com\/ui\/v1\/icons\/mail\/images\/cleardot.gif\" \/><\/div>\n<\/div>\n<p><b>Aboubacar Pastoria Camara<\/b><\/p>\n<p>&nbsp;<\/p>\n","protected":false},"excerpt":{"rendered":"<p>C&rsquo;est au cours d&rsquo;une conf\u00e9rence de presse annim\u00e9e ce week-end que le ministre de l&rsquo;action sociale, de la promotion feminine et de l&rsquo;enfance a devoil\u00e9 le budget allou\u00e9 \u00e0 la c\u00e9lebration des journ\u00e9es internatioinales. Selon Mariama sylla, ministre de l\u2019action sociale, de la promotion f\u00e9minine et de l\u2019enfance, le budget allou\u00e9 pour c\u00e9l\u00e9brer les journ\u00e9es [&hellip;]<\/p>\n","protected":false},"author":2,"featured_media":3192,"comment_status":"open","ping_status":"closed","sticky":false,"template":"","format":"standard","meta":{"buzzeditor_post_format":"","footnotes":""},"categories":[1],"tags":[],"class_list":["post-3191","post","type-post","status-publish","format-standard","has-post-thumbnail","hentry","category-non-classe"],"jetpack_featured_media_url":"https:\/\/guineechrono.com\/wp-content\/uploads\/2019\/03\/sociale.jpg","amp_enabled":true,"_links":{"self":[{"href":"https:\/\/guineechrono.com\/index.php\/wp-json\/wp\/v2\/posts\/3191","targetHints":{"allow":["GET"]}}],"collection":[{"href":"https:\/\/guineechrono.com\/index.php\/wp-json\/wp\/v2\/posts"}],"about":[{"href":"https:\/\/guineechrono.com\/index.php\/wp-json\/wp\/v2\/types\/post"}],"author":[{"embeddable":true,"href":"https:\/\/guineechrono.com\/index.php\/wp-json\/wp\/v2\/users\/2"}],"replies":[{"embeddable":true,"href":"https:\/\/guineechrono.com\/index.php\/wp-json\/wp\/v2\/comments?post=3191"}],"version-history":[{"count":0,"href":"https:\/\/guineechrono.com\/index.php\/wp-json\/wp\/v2\/posts\/3191\/revisions"}],"wp:featuredmedia":[{"embeddable":true,"href":"https:\/\/guineechrono.com\/index.php\/wp-json\/wp\/v2\/media\/3192"}],"wp:attachment":[{"href":"https:\/\/guineechrono.com\/index.php\/wp-json\/wp\/v2\/media?parent=3191"}],"wp:term":[{"taxonomy":"category","embeddable":true,"href":"https:\/\/guineechrono.com\/index.php\/wp-json\/wp\/v2\/categories?post=3191"},{"taxonomy":"post_tag","embeddable":true,"href":"https:\/\/guineechrono.com\/index.php\/wp-json\/wp\/v2\/tags?post=3191"}],"curies":[{"name":"wp","href":"https:\/\/api.w.org\/{rel}","templated":true}]}}