{"id":31923,"date":"2023-11-03T17:16:38","date_gmt":"2023-11-03T16:16:38","guid":{"rendered":"https:\/\/guineechrono.com\/?p=31923"},"modified":"2023-11-03T17:16:38","modified_gmt":"2023-11-03T16:16:38","slug":"litterature-les-organisateurs-annoncent-les-couleurs-de-la-7eme-edition-du-salon-du-livre-de-jeunesse-de-conakry","status":"publish","type":"post","link":"https:\/\/guineechrono.com\/index.php\/litterature-les-organisateurs-annoncent-les-couleurs-de-la-7eme-edition-du-salon-du-livre-de-jeunesse-de-conakry\/","title":{"rendered":"Litt\u00e9rature : les organisateurs annoncent les couleurs de la 7\u00e8me \u00e9dition du salon du livre de jeunesse de Conakry"},"content":{"rendered":"<p><strong>La 7<sup>\u00e8me<\/sup> \u00e9dition du Salon du livre de jeunesse de Conakry aura lieu du 8 au 11 novembre 2023 dans la capitale guin\u00e9enne. L\u2019annonce a \u00e9t\u00e9 faite au cours d\u2019une conf\u00e9rence de presse anim\u00e9e le jeudi 2 novembre 2023 par\u00a0 les responsables des \u00e9ditions Gandal.<\/strong><\/p>\n<p>Dans sa prise de parole El Hadj Aliou Sow Directeur g\u00e9n\u00e9ral des \u00e9ditions Gandal et d\u00e9l\u00e9gu\u00e9 g\u00e9n\u00e9ral du salon international du livre de jeunesse de Conakry parle des nouveaux axes institu\u00e9s \u00e0 l&rsquo;occasion de ladite \u00e9dition dont nous vous proposons ci-dessous :<\/p>\n<p>&#8211; La premi\u00e8re des choses, c&rsquo;est le renforcement de l&rsquo;aspect d\u00e9centralisation de ce salon au niveau des communes pour toucher le maximum d&rsquo;\u00e9coles et s&rsquo;\u00e9l\u00e8ves \u00e0 travers la ville de Conakry.<\/p>\n<p>A savoir que les organisateurs entendent diffus\u00e9 des actions autour d&rsquo;une soixantaine d&rsquo;\u00e9coles dans les cinq communes de la Capitale guin\u00e9enne, et les \u00e9l\u00e8ves de ces \u00e9coles seront convi\u00e9s de fa\u00e7on r\u00e9guli\u00e8re et sur les trois principaux centres, le CCFG, la maison des jeunes de Kip\u00e9 et le canal Olympia de Tombolia. Comme pour dire que le salon du livre de jeunesse se transporte vers les b\u00e9n\u00e9ficiaires.<\/p>\n<p>&#8211; Le deuxi\u00e8me axe, c&rsquo;est pour renforcer la prise en charge et la prise en main locale du volet organisationnel de ce salon. C&rsquo;est pourquoi trois ONG auxquels nous avons d\u00e9l\u00e9gu\u00e9 une bonne partie de nos pr\u00e9rogatives organisationnelles ont \u00e9t\u00e9 copt\u00e9es.<\/p>\n<p>Donc, les principales activit\u00e9s qui vont se d\u00e9rouler au CCFG vont avoir des pendants dans chacun des deux autres sites pour que l&rsquo;activit\u00e9 d&rsquo;animation litt\u00e9raire que \u00e7a soit sur les sites avec des expositions vente de livre, que \u00e7a soit les activit\u00e9s d&rsquo;animation dans les \u00e9coles avec le passage de nos auteurs Guin\u00e9ens ou \u00e9trangers invit\u00e9s, ou bien \u00e0 travers les jeux inter-scolaires de lecture pour permettre aux \u00e9l\u00e8ves d&rsquo;acqu\u00e9rir des chaque-livre pour l&rsquo;achat de livre de leur choix.<\/p>\n<p>&#8211; le troisi\u00e8me axe c&rsquo;est de dire que cette ann\u00e9e, il sera mis sur le march\u00e9 de la librairie, une s\u00e9rie d&rsquo;une douzaine de livres de jeunesse produit en version braye pour les \u00e9l\u00e8ves non-voyants pour ainsi encourager la lecture au niveau des \u00e9l\u00e8ves handicap\u00e9s visuels de la Guin\u00e9e.<\/p>\n<p>&#8211; la quatri\u00e8me dimension, c&rsquo;est de mettre en valeur les livres dans les langues nationales. C&rsquo;est pourquoi dans les lancements des nouveaux titres pr\u00e9vus au CCFG, il y aura des livres bilingues, (Fran\u00e7ais-Poulard, Fran\u00e7ais-Soussous) pour le moment, mais les organisateurs entendent montrer aussi les anciennes versions. Le tout se compl\u00e8te en une s\u00e9rie d&rsquo;activit\u00e9s pour vraiment faire la diff\u00e9rence avec les pr\u00e9c\u00e9dentes \u00e9ditions.<\/p>\n<p>De noter que le salon du livre de jeunesse de Conakry est \u00e0 sa septi\u00e8me \u00e9dition. Et \u00e0 l&rsquo;occasion de chacune de ces \u00e9ditions, des \u0153uvres d&rsquo;\u00e9crivains Guin\u00e9ens et d&rsquo;ailleurs sont propos\u00e9s \u00e0 la jeunesse pour encourager la lecture au niveau des jeunes et pourquoi pas des adultes parce que la lecture est d&rsquo;une importance primordiale.<\/p>\n<p><strong>Amadou Kant\u00e9<\/strong><\/p>\n","protected":false},"excerpt":{"rendered":"<p>La 7\u00e8me \u00e9dition du Salon du livre de jeunesse de Conakry aura lieu du 8 au 11 novembre 2023 dans la capitale guin\u00e9enne. L\u2019annonce a \u00e9t\u00e9 faite au cours d\u2019une conf\u00e9rence de presse anim\u00e9e le jeudi 2 novembre 2023 par\u00a0 les responsables des \u00e9ditions Gandal. Dans sa prise de parole El Hadj Aliou Sow Directeur [&hellip;]<\/p>\n","protected":false},"author":2,"featured_media":31924,"comment_status":"open","ping_status":"closed","sticky":false,"template":"","format":"standard","meta":{"buzzeditor_post_format":"","footnotes":""},"categories":[42],"tags":[],"class_list":["post-31923","post","type-post","status-publish","format-standard","has-post-thumbnail","hentry","category-news"],"jetpack_featured_media_url":"https:\/\/guineechrono.com\/wp-content\/uploads\/2023\/11\/livrett.jpg","amp_enabled":true,"_links":{"self":[{"href":"https:\/\/guineechrono.com\/index.php\/wp-json\/wp\/v2\/posts\/31923","targetHints":{"allow":["GET"]}}],"collection":[{"href":"https:\/\/guineechrono.com\/index.php\/wp-json\/wp\/v2\/posts"}],"about":[{"href":"https:\/\/guineechrono.com\/index.php\/wp-json\/wp\/v2\/types\/post"}],"author":[{"embeddable":true,"href":"https:\/\/guineechrono.com\/index.php\/wp-json\/wp\/v2\/users\/2"}],"replies":[{"embeddable":true,"href":"https:\/\/guineechrono.com\/index.php\/wp-json\/wp\/v2\/comments?post=31923"}],"version-history":[{"count":0,"href":"https:\/\/guineechrono.com\/index.php\/wp-json\/wp\/v2\/posts\/31923\/revisions"}],"wp:featuredmedia":[{"embeddable":true,"href":"https:\/\/guineechrono.com\/index.php\/wp-json\/wp\/v2\/media\/31924"}],"wp:attachment":[{"href":"https:\/\/guineechrono.com\/index.php\/wp-json\/wp\/v2\/media?parent=31923"}],"wp:term":[{"taxonomy":"category","embeddable":true,"href":"https:\/\/guineechrono.com\/index.php\/wp-json\/wp\/v2\/categories?post=31923"},{"taxonomy":"post_tag","embeddable":true,"href":"https:\/\/guineechrono.com\/index.php\/wp-json\/wp\/v2\/tags?post=31923"}],"curies":[{"name":"wp","href":"https:\/\/api.w.org\/{rel}","templated":true}]}}