{"id":31939,"date":"2023-11-03T12:14:04","date_gmt":"2023-11-03T11:14:04","guid":{"rendered":"https:\/\/guineechrono.com\/?p=31939"},"modified":"2023-11-06T12:18:13","modified_gmt":"2023-11-06T11:18:13","slug":"culture-les-organisateurs-annoncent-les-couleurs-de-la-2eme-edition-du-festival-international-de-la-sape-de-conakry","status":"publish","type":"post","link":"https:\/\/guineechrono.com\/index.php\/culture-les-organisateurs-annoncent-les-couleurs-de-la-2eme-edition-du-festival-international-de-la-sape-de-conakry\/","title":{"rendered":"Culture : les organisateurs annoncent les couleurs de la 2\u00e8me \u00e9dition du Festival International de la sape de Conakry"},"content":{"rendered":"<p><strong>La deuxi\u00e8me \u00e9dition du festival international de la sape de Conakry va avoir lieu le samedi 4 novembre 2023 au chapiteau by Issa. \u00a0L\u2019annonce a \u00e9t\u00e9 faite par les organisateurs le vendredi 3 novembre au cours d\u2019une conf\u00e9rence de presse. <\/strong><\/p>\n<p>A cette circonstance, plusieurs acteurs Africains de la sape mais aussi du domaine de la culture ont \u00e9t\u00e9 mobilis\u00e9s pour faire en sorte que la culture vestimentaires soit rehauss\u00e9e en Guin\u00e9e mais aussi en Afrique d&rsquo;o\u00f9 le concept de la sape \u00e9conomique.<\/p>\n<p>Dans sa prise de parole lors de cette rencontre, Kaba Dollars Pr\u00e9sident du mouvement des sapeurs de Guin\u00e9e a \u00e9voqu\u00e9 les objectifs mais aussi les attentes de ce festival de la sape.<\/p>\n<p>\u00abAujourd&rsquo;hui nous lan\u00e7ons ce festival qui est \u00e0 sa deuxi\u00e8me \u00e9dition. L&rsquo;objectif principal est de valoriser le potentiel culture et les valeurs traditionnelles vestimentaires africaines par la cr\u00e9ation des espaces artistiques. Ventes, expositions, parades, Concours de sape, d\u00e9fil\u00e9s de mode, prestations artistiques ax\u00e9 sur la promotion du textile guin\u00e9en et africain vers une r\u00e9elle valorisation et prise en compte par la g\u00e9n\u00e9ration actuelle. Mais aussi proc\u00e9der au lancement officiel de la journ\u00e9e internationale du textile africain en Guin\u00e9e qu&rsquo;on appelle la JITA. L&rsquo;objectif sp\u00e9cifique de cette deuxi\u00e8me \u00e9dition du FISAC c&rsquo;est de contribuer \u00e0 la valorisation des \u0153uvres et cr\u00e9ations artistiques, vestimentaires \u00e0 travers une s\u00e9rie de prestations ax\u00e9e sur la sape en Guin\u00e9e, conscientiser et sensibiliser les Africains \u00e0 s&rsquo;int\u00e9resser \u00e0 l&rsquo;industrie locale de la mode au b\u00e9n\u00e9fice du d\u00e9veloppement durable de la nation. Mettre en avant les cr\u00e9ateurs et marques africaines, mobiliser et \u00e9changer avec les acteurs et professionnels de la sape \u00e0 travers des rencontres lors du festival\u00bb, a-t-il fait mention.<\/p>\n<p>En ce qui concerne les r\u00e9sultats attendus, Kaba Dollars rassure qu&rsquo;une fois que la sape et le textile africain sont valoris\u00e9s, cela contribue \u00e0 une meilleure compr\u00e9hension et un changement de comportement en terme de culture.<\/p>\n<p>\u00ab Nombreux acteurs et professionnels de la sape en Guin\u00e9e et d&rsquo;ailleurs sont mobilis\u00e9s et s&rsquo;activent pour la promotion et la valorisation du potentiel culturel et vestimentaires des pays respectifs durant le festival\u00bb, a-t-il affirm\u00e9.<\/p>\n<p><strong>Amadou Kant\u00e9<\/strong><\/p>\n","protected":false},"excerpt":{"rendered":"<p>La deuxi\u00e8me \u00e9dition du festival international de la sape de Conakry va avoir lieu le samedi 4 novembre 2023 au chapiteau by Issa. \u00a0L\u2019annonce a \u00e9t\u00e9 faite par les organisateurs le vendredi 3 novembre au cours d\u2019une conf\u00e9rence de presse. A cette circonstance, plusieurs acteurs Africains de la sape mais aussi du domaine de la [&hellip;]<\/p>\n","protected":false},"author":2,"featured_media":31940,"comment_status":"open","ping_status":"closed","sticky":false,"template":"","format":"standard","meta":{"buzzeditor_post_format":"","footnotes":""},"categories":[47],"tags":[],"class_list":["post-31939","post","type-post","status-publish","format-standard","has-post-thumbnail","hentry","category-culture"],"jetpack_featured_media_url":"https:\/\/guineechrono.com\/wp-content\/uploads\/2023\/11\/sape.jpg","amp_enabled":true,"_links":{"self":[{"href":"https:\/\/guineechrono.com\/index.php\/wp-json\/wp\/v2\/posts\/31939","targetHints":{"allow":["GET"]}}],"collection":[{"href":"https:\/\/guineechrono.com\/index.php\/wp-json\/wp\/v2\/posts"}],"about":[{"href":"https:\/\/guineechrono.com\/index.php\/wp-json\/wp\/v2\/types\/post"}],"author":[{"embeddable":true,"href":"https:\/\/guineechrono.com\/index.php\/wp-json\/wp\/v2\/users\/2"}],"replies":[{"embeddable":true,"href":"https:\/\/guineechrono.com\/index.php\/wp-json\/wp\/v2\/comments?post=31939"}],"version-history":[{"count":0,"href":"https:\/\/guineechrono.com\/index.php\/wp-json\/wp\/v2\/posts\/31939\/revisions"}],"wp:featuredmedia":[{"embeddable":true,"href":"https:\/\/guineechrono.com\/index.php\/wp-json\/wp\/v2\/media\/31940"}],"wp:attachment":[{"href":"https:\/\/guineechrono.com\/index.php\/wp-json\/wp\/v2\/media?parent=31939"}],"wp:term":[{"taxonomy":"category","embeddable":true,"href":"https:\/\/guineechrono.com\/index.php\/wp-json\/wp\/v2\/categories?post=31939"},{"taxonomy":"post_tag","embeddable":true,"href":"https:\/\/guineechrono.com\/index.php\/wp-json\/wp\/v2\/tags?post=31939"}],"curies":[{"name":"wp","href":"https:\/\/api.w.org\/{rel}","templated":true}]}}