{"id":31966,"date":"2023-11-09T17:28:20","date_gmt":"2023-11-09T16:28:20","guid":{"rendered":"https:\/\/guineechrono.com\/?p=31966"},"modified":"2023-11-09T17:28:20","modified_gmt":"2023-11-09T16:28:20","slug":"guinee-les-activites-de-la-9eme-edition-du-sita-2023-lancees-a-conakry","status":"publish","type":"post","link":"https:\/\/guineechrono.com\/index.php\/guinee-les-activites-de-la-9eme-edition-du-sita-2023-lancees-a-conakry\/","title":{"rendered":"Guin\u00e9e : les activit\u00e9s de la 9\u00e8me \u00e9dition du SITA 2023 lanc\u00e9es \u00e0 Conakry"},"content":{"rendered":"<p><strong>Le Premier ministre,\u00a0 Dr Bernard Gomou,\u00a0 a proc\u00e9d\u00e9 ce mercredi,\u00a0 08 novembre 2023, au lancement des activit\u00e9s du Salon International du Textile Africain (SITA -2023) sous le th\u00e8me\u00a0: \u2018\u2019la labellisation, vecteur de lutte contre le piratage\u2019\u2019.<\/strong><\/p>\n<p>Sous la direction du minist\u00e8re de la culture, du tourisme et de l\u2019artisanat,\u00a0 cette 9\u00e8me \u00e9dition conna\u00eet la participation de 40 pays africains.<\/p>\n<p>Dans son discours, Abdoulaye Moss\u00e9, Commissaire g\u00e9n\u00e9ral du SITA \u00a02023, \u00a0a fait savoir que,\u00a0 ce salon est l\u2019expression de la volont\u00e9 politique de promouvoir les ressources et du savoir-faire guin\u00e9en et africains en vue de cr\u00e9er localement une pr\u00e9valu qui b\u00e9n\u00e9ficiera \u00e0 nos artisans et \u00e0 notre \u00e9conomie africaine. \u00ab\u00a0Le SITA est fier d\u2019\u00eatre \u00e0 Conakry \u00bb, dit-il.<\/p>\n<p>Selon lui, les producteurs de coton, cr\u00e9ateurs de mode, industriels et acteurs de la filature, de tissage de la teinture, mannequins, photographes de mode se retrouvent ici \u00e0 Conakry pour c\u00e9l\u00e9brer la cr\u00e9ativit\u00e9, l\u2019innovation du g\u00e9nie africain au service du d\u00e9veloppement \u00e9conomique du continent.<\/p>\n<p>Pour sa part, le ministre de la culture Alpha Soumah s\u2019est exprim\u00e9 sur le choix du th\u00e8me de cette ann\u00e9e. \u00ab\u00a0il part du constat que toute la cha\u00eene de valeur de la production textile dans notre pays est expos\u00e9e \u00e0 la destruction \u00e0 cause de la contrefa\u00e7on.<\/p>\n<p>En effet, nos march\u00e9s sont aujourd\u2019hui compl\u00e8tement inond\u00e9s par des produits contrefaits entra\u00eenant des pertes \u00e9normes s\u2019\u00e9levant \u00e0 des millions de francs guin\u00e9ens. Il est donc urgent que des strat\u00e9gies efficaces de lutte contre ce fl\u00e9au soient trouv\u00e9es afin de prot\u00e9ger les m\u00e9tiers de la cha\u00eene du textile \u00bb.<\/p>\n<p>Proc\u00e9dant au lancement des activit\u00e9s au nom du pr\u00e9sident de la transition, le premier ministre chef du gouvernement a salu\u00e9 cette initiative.<\/p>\n<p>\u00ab\u00a0C\u2019est pour couronner tous ces acquis que le gouvernement guin\u00e9en s\u2019est engag\u00e9 \u00e0 organiser la 9\u00e8me \u00e9dition du SITA \u00e0 Conakry. \u00a0Si le salon permet l\u2019organisation des parades, des d\u00e9fil\u00e9s de mode, de formation et de conf\u00e9rences internationales, il est aussi un lieu de partage d\u2019exp\u00e9riences et d\u2019id\u00e9es sur le m\u00e9tier d\u2019artisans, de renforcer les liens d\u2019amiti\u00e9 et de fraternit\u00e9 entre les fils et les filles de notre continent africain. Vous devrez tous profiter de cette grande retrouvaille pour permettre \u00e0 l\u2019Afrique de poser tous les jalons possibles pour le d\u00e9veloppement et la promotion de son artisan afin de booster son d\u00e9collage \u00e9conomique, social et scientifique \u00bb.<\/p>\n<p>A noter que la\u00a0 c\u00e9r\u00e9monie a \u00e9t\u00e9 \u00e9galement marqu\u00e9e par le d\u00e9fil\u00e9 des d\u00e9l\u00e9gations venues des pays d\u2019Afrique et la cl\u00f4ture est pr\u00e9vue le 11 novembre prochain.<\/p>\n<p><strong>Amadou Kant\u00e9 <\/strong><\/p>\n","protected":false},"excerpt":{"rendered":"<p>Le Premier ministre,\u00a0 Dr Bernard Gomou,\u00a0 a proc\u00e9d\u00e9 ce mercredi,\u00a0 08 novembre 2023, au lancement des activit\u00e9s du Salon International du Textile Africain (SITA -2023) sous le th\u00e8me\u00a0: \u2018\u2019la labellisation, vecteur de lutte contre le piratage\u2019\u2019. Sous la direction du minist\u00e8re de la culture, du tourisme et de l\u2019artisanat,\u00a0 cette 9\u00e8me \u00e9dition conna\u00eet la participation [&hellip;]<\/p>\n","protected":false},"author":2,"featured_media":31967,"comment_status":"open","ping_status":"closed","sticky":false,"template":"","format":"standard","meta":{"buzzeditor_post_format":"","footnotes":""},"categories":[47],"tags":[],"class_list":["post-31966","post","type-post","status-publish","format-standard","has-post-thumbnail","hentry","category-culture"],"jetpack_featured_media_url":"https:\/\/guineechrono.com\/wp-content\/uploads\/2023\/11\/sita.jpg","amp_enabled":true,"_links":{"self":[{"href":"https:\/\/guineechrono.com\/index.php\/wp-json\/wp\/v2\/posts\/31966","targetHints":{"allow":["GET"]}}],"collection":[{"href":"https:\/\/guineechrono.com\/index.php\/wp-json\/wp\/v2\/posts"}],"about":[{"href":"https:\/\/guineechrono.com\/index.php\/wp-json\/wp\/v2\/types\/post"}],"author":[{"embeddable":true,"href":"https:\/\/guineechrono.com\/index.php\/wp-json\/wp\/v2\/users\/2"}],"replies":[{"embeddable":true,"href":"https:\/\/guineechrono.com\/index.php\/wp-json\/wp\/v2\/comments?post=31966"}],"version-history":[{"count":0,"href":"https:\/\/guineechrono.com\/index.php\/wp-json\/wp\/v2\/posts\/31966\/revisions"}],"wp:featuredmedia":[{"embeddable":true,"href":"https:\/\/guineechrono.com\/index.php\/wp-json\/wp\/v2\/media\/31967"}],"wp:attachment":[{"href":"https:\/\/guineechrono.com\/index.php\/wp-json\/wp\/v2\/media?parent=31966"}],"wp:term":[{"taxonomy":"category","embeddable":true,"href":"https:\/\/guineechrono.com\/index.php\/wp-json\/wp\/v2\/categories?post=31966"},{"taxonomy":"post_tag","embeddable":true,"href":"https:\/\/guineechrono.com\/index.php\/wp-json\/wp\/v2\/tags?post=31966"}],"curies":[{"name":"wp","href":"https:\/\/api.w.org\/{rel}","templated":true}]}}