{"id":31969,"date":"2023-11-09T17:50:41","date_gmt":"2023-11-09T16:50:41","guid":{"rendered":"https:\/\/guineechrono.com\/?p=31969"},"modified":"2023-11-09T17:50:41","modified_gmt":"2023-11-09T16:50:41","slug":"lancement-des-activites-du-sita-2023-a-conakry-voici-le-discours-du-premier-ministre-dr-bernard-gomou","status":"publish","type":"post","link":"https:\/\/guineechrono.com\/index.php\/lancement-des-activites-du-sita-2023-a-conakry-voici-le-discours-du-premier-ministre-dr-bernard-gomou\/","title":{"rendered":"Lancement des activit\u00e9s du SITA 2023 \u00e0 Conakry : Voici le discours du premier ministre, Dr Bernard Gomou"},"content":{"rendered":"<p><strong>Le Salon international du textile africain (SITA) qui est \u00e0 9\u00e8me \u00e9dition a \u00e9t\u00e9 lanc\u00e9 \u00e0 Conakry le mercredi, \u00a008 novembre 2023. \u00a0\u00bbLa lab\u00e9lisation vecteur de lutte contre le piratage dans l&rsquo;industrie du textile africain\u00a0\u00bb a \u00e9t\u00e9 le th\u00e8me principal de cette pr\u00e9sente \u00e9dition. <\/strong><\/p>\n<p>Accompagn\u00e9 d&rsquo;une forte d\u00e9l\u00e9gation minist\u00e9rielle, le Premier Ministre Dr Bernard Gomou a eu l&rsquo;honneur de proc\u00e9der au lancement officiel de cette initiative qui pr\u00f4ne surtout le savoir-faire vestimentaires et artisanal de l&rsquo;Afrique. Par la m\u00eame occasion, le Premier Ministre parle de la r\u00e9alisation en cours de six (6) villages artisanaux dans les localit\u00e9s de Kindia, Bok\u00e9, etc.<\/p>\n<p>La mise en place de m\u00e9canismes juridiques contre le piratage des \u0153uvres artisanales ont aussi \u00e9t\u00e9 \u00e9voqu\u00e9s. Nous vous proposons ci-apr\u00e8s l&rsquo;int\u00e9gralit\u00e9 du discours de lancement du PM Dr Bernard Gomou.<\/p>\n<p>\u00abC&rsquo;est un honneur pour moi de repr\u00e9senter \u00e0 cette c\u00e9r\u00e9monie de lancement le Pr\u00e9sident de la R\u00e9publique chef de l&rsquo;\u00c9tat Colonel Mamady Doumbouya \u00e0 cette c\u00e9r\u00e9monie de lancement du 9\u00e8me Salon International du Textile Africain, SITA que nous accueillons \u00e0 Conakry durant cette semaine.<\/p>\n<p>Fid\u00e8le \u00e0 sa vocation panafricaniste et \u00e0 sa tradition d&rsquo;hospitalit\u00e9, depuis son ind\u00e9pendance la R\u00e9publique de Guin\u00e9e a toujours accueilli les aimables fils et filles africains. Nous sommes donc heureux d&rsquo;accueillir plus de 40 pays africains dans le cadre du d\u00e9veloppement et de la promotion de l&rsquo;artisanat africain pr\u00e9cis\u00e9ment sa fili\u00e8re textile.<\/p>\n<p>Ces repr\u00e9sentants de ces pays fr\u00e8res sont venus magnifier et valoriser le g\u00e9nie cr\u00e9ateur de l&rsquo;artisan africain et faire rayonner les qualit\u00e9s de ces produits sur le plan international, votre pr\u00e9sence en Guin\u00e9e d\u00e9montr\u00e9 avec \u00e9loquence que la Guin\u00e9e est devenue une grande destination touristique et un carrefour des grandes rencontres africaines et internationales.<\/p>\n<p>Cela illustre \u00e9loquemment la qualit\u00e9 des r\u00e9formes engag\u00e9es par le gouvernement sous l&rsquo;impulsion du Pr\u00e9sident du CNRD, Pr\u00e9sident de la R\u00e9publique, Chef de l&rsquo;\u00c9tat Son Excellence le Colonel Mamady Doumbouya. Je tiens \u00e0 f\u00e9liciter la prouesse du Minist\u00e8re de la Culture, du Tourisme et de l&rsquo;Artisanat et le comit\u00e9 d&rsquo;organisation pour l&rsquo;expertise avec laquelle ce gigantesque travail a \u00e9t\u00e9 r\u00e9alis\u00e9. Ainsi qu&rsquo;\u00e0 l&rsquo;Office national de l&rsquo;artisanat qui gr\u00e2ce \u00e0 ses efforts parvient \u00e0 mettre en valeur la cr\u00e9ativit\u00e9 des artisans Guin\u00e9ens. Mesdames et messieurs je voudrais remercier que le gouvernement que je dirige \u00e0 toujours accord\u00e9 une attention particuli\u00e8re \u00e0 l&rsquo;artisanat dont les r\u00e9sultats se traduisent aujourd&rsquo;hui par la r\u00e9alisation en cours de six (6) villages artisanaux dans les localit\u00e9s de Kindia, Bok\u00e9, Lab\u00e9, Faranah, Kankan et Lola dont les taux d&rsquo;ex\u00e9cution physique des travaux d\u00e9passe la moyenne des 50%. Concernant le cadre l\u00e9gal, la Loi r\u00e9vis\u00e9e sur le code de l&rsquo;artisanat vient d&rsquo;\u00eatre adopt\u00e9e par le Conseil National de la Transition, aussi la validation des documents strat\u00e9giques sectoriels pour promouvoir et assurer la visibilit\u00e9 de ce secteur gros pourvoyeur d&#8217;emplois est un atout ind\u00e9niable pour notre pays.<\/p>\n<p>&nbsp;<\/p>\n<p>Je remercie nos partenaires techniques et financiers pour leur appui dans cette d\u00e9marche. Le dynamisme des artisans Guin\u00e9ens est \u00e0 saluer en raison de leur participation aux foires et aux expositions, aux salons nationaux et internationaux, c&rsquo;est pour couronner tous ces acquis que le gouvernement guin\u00e9en s&rsquo;est engag\u00e9 \u00e0 organiser la 9\u00e8me \u00e9dition du SITA \u00e0 Conakry.<\/p>\n<p>Mesdames et messieurs, si le salon permet l&rsquo;organisation de parades, de d\u00e9fil\u00e9s de mode, de formations et des conf\u00e9rences internationales il est aussi un lieu de partage d&rsquo;exp\u00e9rience et d&rsquo;id\u00e9es sur le m\u00e9tier d&rsquo;artisan et de renforcer les liens d&rsquo;amiti\u00e9 et de fraternit\u00e9 entre les fils et filles de notre continent africain.<\/p>\n<p>Parmi les th\u00e8mes pouvant \u00eatre d\u00e9battus, je vous encourage \u00e0 r\u00e9fl\u00e9chir \u00e9galement sur la probl\u00e9matique de la protection intellectuelle de notre production artisanale qui souffre de la contrefa\u00e7on au profit d&rsquo;acteurs \u00e9conomiques peu scrupuleux.<\/p>\n<p>La majorit\u00e9 de nos artisans ont peu de ressources, alors quelle approche d&rsquo;accompagnement peut-on mettre en place pour que les brevets puissent \u00eatre d\u00e9livr\u00e9s pour prot\u00e9ger leur production. Quel m\u00e9canisme juridique peuvent \u00eatre institu\u00e9s pour combattre la piraterie surtout lorsque son origine est hors du continent africain. Cet enjeu est de taille, n&rsquo;oublions pas que certaines de ces productions constitue une part non n\u00e9gligeable de notre patrimoine immat\u00e9riel et donc de notre identit\u00e9, de notre image, du branding de nos diff\u00e9rents pays.<\/p>\n<p>Un autre enjeu est celui de la cha\u00eene de valeur pouvant \u00eatre b\u00e2tie pour augmenter les revenus des artisans. C&rsquo;est pourquoi vous devrez tous profiter de cette grande retrouvaille pour permettre \u00e0 l&rsquo;Afrique de poser tous les jalons possible pour le d\u00e9veloppement et la promotion de son artisan afin de booster son d\u00e9collage \u00e9conomique et scientifique. Mesdames et messieurs je ne terminerai pas cette intervention sans adresser mes encouragements et sinc\u00e8re f\u00e9licitations \u00e0 l&rsquo;endroit du commissariat g\u00e9n\u00e9ral du SITA qui depuis pr\u00e8s de dix (10) ans parvient \u00e0 tenir ce salon dans diff\u00e9rents pays africains en invitant les diff\u00e9rentes comp\u00e9tences africaines et mondiales en mati\u00e8re de textile et \u00e0 partager leur connaissance avec les hommes du m\u00e9tier africain.<\/p>\n<p>Ces m\u00eames remerciements vont \u00e0 l&rsquo;endroit de tous nos partenaires techniques et financiers au service public et aux organisations socioprofessionnelles qui ont d\u00e9ploy\u00e9 des efforts immenses durant les pr\u00e9paratifs de ce salon.<\/p>\n<p>&nbsp;<\/p>\n<p>En fin je remercie le Pr\u00e9sident de la R\u00e9publique, Chef de l&rsquo;\u00c9tat Son Excellence le Colonel Mamady Doumbouya pour son soutien au secteur de l&rsquo;artisanat depuis le 05 septembre 2021 et particuli\u00e8rement \u00e0 la tenue de cette 9\u00e8me \u00e9dition du salon international du textile africain \u00e0 Conakry.<\/p>\n<p>Merci surtout pour l&rsquo;\u00e9veil de conscience et pour sa vision clairement \u00e9nonc\u00e9e dans son discours \u00e0 la tribune des Nations-Unies lors des 78\u00e8mes sessions de l&rsquo;Assembl\u00e9e nationale de cette institution mondiale.<\/p>\n<p>J&rsquo;aimerais ici m&rsquo;inspirer de l&rsquo;homme qui a mis son uniforme au service de son peuple, Pr\u00e9sident de la R\u00e9publique le Colonel Mamady Doumbouya qui arborant fi\u00e8rement et majestueusement le riche textile des 4 r\u00e9gions naturelles de notre pays avait impressionn\u00e9 le monde lors de sa prise de parole le 21 septembre dernier \u00e0 la tribune des Nations-Unies pour les besoins de la cause, je le paraphreserais en ces termes : nous ne sommes ni pro ni anti tissus chinois, ni pro ni anti tissus fran\u00e7ais, ni pro ni anti tissus russes, ni pro ni anti tissus turque, ni pro ni anti tissus am\u00e9ricain, nous sommes tout simplement pro textile africain, sur ces mots je d\u00e9clare ouvert le salon international du textile africain.<\/p>\n<p>Vive l&rsquo;artisanat africain<\/p>\n<p>Vive le textile africain<\/p>\n<p>Vive l&rsquo;unit\u00e9 africaine<\/p>\n<p>Je vous remercie<\/p>\n","protected":false},"excerpt":{"rendered":"<p>Le Salon international du textile africain (SITA) qui est \u00e0 9\u00e8me \u00e9dition a \u00e9t\u00e9 lanc\u00e9 \u00e0 Conakry le mercredi, \u00a008 novembre 2023. \u00a0\u00bbLa lab\u00e9lisation vecteur de lutte contre le piratage dans l&rsquo;industrie du textile africain\u00a0\u00bb a \u00e9t\u00e9 le th\u00e8me principal de cette pr\u00e9sente \u00e9dition. Accompagn\u00e9 d&rsquo;une forte d\u00e9l\u00e9gation minist\u00e9rielle, le Premier Ministre Dr Bernard Gomou [&hellip;]<\/p>\n","protected":false},"author":2,"featured_media":31970,"comment_status":"open","ping_status":"closed","sticky":false,"template":"","format":"standard","meta":{"buzzeditor_post_format":"","footnotes":""},"categories":[47],"tags":[],"class_list":["post-31969","post","type-post","status-publish","format-standard","has-post-thumbnail","hentry","category-culture"],"jetpack_featured_media_url":"https:\/\/guineechrono.com\/wp-content\/uploads\/2023\/11\/textill.jpg","amp_enabled":true,"_links":{"self":[{"href":"https:\/\/guineechrono.com\/index.php\/wp-json\/wp\/v2\/posts\/31969","targetHints":{"allow":["GET"]}}],"collection":[{"href":"https:\/\/guineechrono.com\/index.php\/wp-json\/wp\/v2\/posts"}],"about":[{"href":"https:\/\/guineechrono.com\/index.php\/wp-json\/wp\/v2\/types\/post"}],"author":[{"embeddable":true,"href":"https:\/\/guineechrono.com\/index.php\/wp-json\/wp\/v2\/users\/2"}],"replies":[{"embeddable":true,"href":"https:\/\/guineechrono.com\/index.php\/wp-json\/wp\/v2\/comments?post=31969"}],"version-history":[{"count":0,"href":"https:\/\/guineechrono.com\/index.php\/wp-json\/wp\/v2\/posts\/31969\/revisions"}],"wp:featuredmedia":[{"embeddable":true,"href":"https:\/\/guineechrono.com\/index.php\/wp-json\/wp\/v2\/media\/31970"}],"wp:attachment":[{"href":"https:\/\/guineechrono.com\/index.php\/wp-json\/wp\/v2\/media?parent=31969"}],"wp:term":[{"taxonomy":"category","embeddable":true,"href":"https:\/\/guineechrono.com\/index.php\/wp-json\/wp\/v2\/categories?post=31969"},{"taxonomy":"post_tag","embeddable":true,"href":"https:\/\/guineechrono.com\/index.php\/wp-json\/wp\/v2\/tags?post=31969"}],"curies":[{"name":"wp","href":"https:\/\/api.w.org\/{rel}","templated":true}]}}