{"id":3201,"date":"2019-03-05T17:49:46","date_gmt":"2019-03-05T16:49:46","guid":{"rendered":"http:\/\/guineechrono.com\/?p=3201"},"modified":"2019-03-05T17:49:46","modified_gmt":"2019-03-05T16:49:46","slug":"non-respect-de-laccord-gouvernement-slecg-aboubacar-soumah-brise-le-silence","status":"publish","type":"post","link":"https:\/\/guineechrono.com\/index.php\/non-respect-de-laccord-gouvernement-slecg-aboubacar-soumah-brise-le-silence\/","title":{"rendered":"Non respect de l\u2019accord gouvernement-SLECG : Aboubacar soumah brise le silence"},"content":{"rendered":"<p><strong>Retard accus\u00e9 sur l\u2019application du \u00a0protocole d\u2019accord sign\u00e9 r\u00e9cemment entre le Gouvernement guin\u00e9en et le Syndicat Libre des Enseignements et Chercheurs de Guin\u00e9e (SLECG), le camarade Aboubacar soumah attire l\u2019attention du peuple de Guin\u00e9e. Il l\u2019a fait savoir ce mardi, 05 mars 2019 dans une radio de la place.<\/strong><\/p>\n<p><em>\u00a0<\/em>Selon Aboubacar soumah, secr\u00e9taire g\u00e9n\u00e9ral du SLECG, jusqu\u2019\u00e0 date, aucun point de cet accord entre le gouvernement et le SLECG n\u2019a \u00e9t\u00e9 respect\u00e9. \u00ab\u00a0On nous a fait comprendre que, le premier ministre n\u2019\u00e9tait pas l\u00e0\u00a0\u00bb.<\/p>\n<p>Concernant l\u2019enseignement sup\u00e9rieur, le premier responsable du SLECG r\u00e9v\u00e8le que le ministre \u00a0Abdoulaye Yero Bald\u00e9 ne veut pas du attendre l\u2019application\u00a0 de ce point. \u00ab\u00a0On dirait qu\u2019il n\u2019est pas le ministre de la r\u00e9publique\u00a0\u00bb, a-t-il d\u00e9nonc\u00e9.<\/p>\n<p>Parlant le minist\u00e8re de l\u2019\u00e9ducation \u00a0nationale \u00a0et de l\u2019alphab\u00e9tisation, il a pr\u00e9cis\u00e9 que les DPE du SLECG qui ont \u00e9t\u00e9 affect\u00e9s jusqu\u2019aux\u00a0 confins de Kankan, ne sont pas r\u00e9tablis \u00a0dans leurs fonctions.<\/p>\n<p>Il a enfin, interpel\u00e9 aux autorit\u00e9s guin\u00e9ennes\u00a0 pour l\u2019application de cet accord, sinon, le SLECG risque de lancer une nouvelle gr\u00e8ve. \u00ab\u00a0Si le gouvernement ne fait pas face \u00e0 cela, on est oblig\u00e9 de revenir sur la gr\u00e8ve,\u00a0\u00bb menace-t-il.<\/p>\n<p>A noter qu\u2019une commission est d\u00e9j\u00e0 mise en place pour recenser le personnel enseignant sur toute l\u2019\u00e9tendu du territoire nationale dans les prochains jours.<\/p>\n<p><strong>Aboubacar Pastoria\u00a0\u00a0\u00a0Camara<\/strong><\/p>\n","protected":false},"excerpt":{"rendered":"<p>Retard accus\u00e9 sur l\u2019application du \u00a0protocole d\u2019accord sign\u00e9 r\u00e9cemment entre le Gouvernement guin\u00e9en et le Syndicat Libre des Enseignements et Chercheurs de Guin\u00e9e (SLECG), le camarade Aboubacar soumah attire l\u2019attention du peuple de Guin\u00e9e. Il l\u2019a fait savoir ce mardi, 05 mars 2019 dans une radio de la place. \u00a0Selon Aboubacar soumah, secr\u00e9taire g\u00e9n\u00e9ral du [&hellip;]<\/p>\n","protected":false},"author":2,"featured_media":3202,"comment_status":"open","ping_status":"closed","sticky":false,"template":"","format":"standard","meta":{"buzzeditor_post_format":"","footnotes":""},"categories":[1],"tags":[],"class_list":["post-3201","post","type-post","status-publish","format-standard","has-post-thumbnail","hentry","category-non-classe"],"jetpack_featured_media_url":"https:\/\/guineechrono.com\/wp-content\/uploads\/2019\/03\/SLECG.jpeg","amp_enabled":true,"_links":{"self":[{"href":"https:\/\/guineechrono.com\/index.php\/wp-json\/wp\/v2\/posts\/3201","targetHints":{"allow":["GET"]}}],"collection":[{"href":"https:\/\/guineechrono.com\/index.php\/wp-json\/wp\/v2\/posts"}],"about":[{"href":"https:\/\/guineechrono.com\/index.php\/wp-json\/wp\/v2\/types\/post"}],"author":[{"embeddable":true,"href":"https:\/\/guineechrono.com\/index.php\/wp-json\/wp\/v2\/users\/2"}],"replies":[{"embeddable":true,"href":"https:\/\/guineechrono.com\/index.php\/wp-json\/wp\/v2\/comments?post=3201"}],"version-history":[{"count":0,"href":"https:\/\/guineechrono.com\/index.php\/wp-json\/wp\/v2\/posts\/3201\/revisions"}],"wp:featuredmedia":[{"embeddable":true,"href":"https:\/\/guineechrono.com\/index.php\/wp-json\/wp\/v2\/media\/3202"}],"wp:attachment":[{"href":"https:\/\/guineechrono.com\/index.php\/wp-json\/wp\/v2\/media?parent=3201"}],"wp:term":[{"taxonomy":"category","embeddable":true,"href":"https:\/\/guineechrono.com\/index.php\/wp-json\/wp\/v2\/categories?post=3201"},{"taxonomy":"post_tag","embeddable":true,"href":"https:\/\/guineechrono.com\/index.php\/wp-json\/wp\/v2\/tags?post=3201"}],"curies":[{"name":"wp","href":"https:\/\/api.w.org\/{rel}","templated":true}]}}