{"id":32043,"date":"2023-11-19T06:55:46","date_gmt":"2023-11-19T05:55:46","guid":{"rendered":"https:\/\/guineechrono.com\/?p=32043"},"modified":"2023-11-19T06:55:46","modified_gmt":"2023-11-19T05:55:46","slug":"festival-sur-le-milo-tout-ou-plusieurs-en-un-01","status":"publish","type":"post","link":"https:\/\/guineechrono.com\/index.php\/festival-sur-le-milo-tout-ou-plusieurs-en-un-01\/","title":{"rendered":"FESTIVAL SUR LE MILO : Tout ou plusieurs en un (01)!"},"content":{"rendered":"<p>Festival sur le Milo \u00e0 Kankan, deuxi\u00e8me \u00e9dition.<br \/>\nTh\u00e8me : Eau, culture traditionnelle et vivre ensemble pour le d\u00e9veloppement durable.<\/p>\n<p>F\u00e9licitations \u00e0 mon jeune fr\u00e8re Sansy Kaba apparemment qui devient l\u2019un des plus grands \u00ab\u00a0alchimistes du d\u00e9veloppement endog\u00e8ne\u00a0\u00bb! Un adage de chez moi dit : la lame du couteau a beau \u00eatre tr\u00e8s tranchante, ne pourra jamais se limer elle-m\u00eame. Quand c\u2019est bon, c\u2019est bon! N\u2019ayons pas ce complexe nous intellectuels, d\u2019encourager les gens dans leurs belles initiatives.<\/p>\n<p>En effet, apr\u00e8s \u00ab\u00a0Conakry Capitale mondiale du livre\u00a0\u00bb voici, \u00ab\u00a0Le festival sur le Milo\u00a0\u00bb qui fait son petit bonhomme de chemin. Une occasion vraiment manqu\u00e9e par les hautes autorit\u00e9s de la Transition pour donner un sens \u00e0 un des cinq (05) axes strat\u00e9giques en la valeur: RASSEMBLEMENT ! Ce peuple est certes divis\u00e9 politiquement mais culturellement unifi\u00e9 et unique.<\/p>\n<p>Par ailleurs, voire une telle autorit\u00e9 morale et culturelle, El hadj Alseny BARRY, pr\u00e9cis\u00e9ment, Pr\u00e9sident des Fulb\u00e9s et Hali-pular est tout un symbole qui aurait pu \u00eatre mis \u00e0 profit pour contribuer \u00e0 cimenter cette communaut\u00e9 de destin qu\u2019ont ces populations vivant sur un m\u00eame territoire national qui s\u2019appelle : la Guin\u00e9e.<\/p>\n<p>Que dire de la vitesse grand \u00ab\u00a0V\u00a0\u00bb de l\u2019internationalisation d\u2019un festival qui vient juste de na\u00eetre ? Si le Niger a ses f\u00eates \u00ab\u00a0de cure sal\u00e9e\u00a0\u00bb, le Br\u00e9sil ses somptueux carnavals, la c\u00f4te d\u2019Ivoire son festival de Anoumambo,\u2026d\u00e9sormais, la Ville de Kankan a son festival sur le Milo! Kankan qu\u2019on pourrait \u00e0 l\u2019image de ce qu\u2019est le Nil pour l\u2019\u00c9gypte des Pharaons, consid\u00e9r\u00e9 (Kankan) comme un don du Milo!<\/p>\n<p>D\u00e9sormais, travaillons tous \u00e0 la consolidation et au rayonnement de telles initiatives. Et, je sollicite du Projet National Branding log\u00e9 ou h\u00e9berg\u00e9 \u00e0 la Pr\u00e9sidence de la R\u00e9publique de Guin\u00e9e, de soutenir au moins quelques initiatives priv\u00e9es de ce genre auxquelles on pourrait y attacher \u00ab\u00a0la cause d\u2019utilit\u00e9 publique \u00a0\u00bb et cela au regard de tout le potentiel touristique \u00e0 mettre en valeur avec toutes ses f\u00eates de marres dans la zone et de celle de la r\u00e9colte du tubercule consid\u00e9r\u00e9e comme REINE : l\u2019IGNAME ou le \u00ab\u00a0KAP\u00c8R\u00c8\u00a0\u00bb si cher \u00e0 mes esclaves peuls! Lol<\/p>\n<p>F\u00e9licitations \u00e0 vous petit fr\u00e8re et neveu Mohamed Hawa Tour\u00e9 (un des organisateurs) pour le coup de ma\u00eetre dans l\u2019organisation de ce festival.<\/p>\n<p><strong>Souleymane DOUMBOUYA<\/strong><\/p>\n<p>&nbsp;<\/p>\n","protected":false},"excerpt":{"rendered":"<p>Festival sur le Milo \u00e0 Kankan, deuxi\u00e8me \u00e9dition. Th\u00e8me : Eau, culture traditionnelle et vivre ensemble pour le d\u00e9veloppement durable. F\u00e9licitations \u00e0 mon jeune fr\u00e8re Sansy Kaba apparemment qui devient l\u2019un des plus grands \u00ab\u00a0alchimistes du d\u00e9veloppement endog\u00e8ne\u00a0\u00bb! Un adage de chez moi dit : la lame du couteau a beau \u00eatre tr\u00e8s tranchante, ne [&hellip;]<\/p>\n","protected":false},"author":2,"featured_media":32044,"comment_status":"open","ping_status":"closed","sticky":false,"template":"","format":"standard","meta":{"buzzeditor_post_format":"","footnotes":""},"categories":[2],"tags":[],"class_list":["post-32043","post","type-post","status-publish","format-standard","has-post-thumbnail","hentry","category-featured"],"jetpack_featured_media_url":"https:\/\/guineechrono.com\/wp-content\/uploads\/2023\/11\/festival.webp","amp_enabled":true,"_links":{"self":[{"href":"https:\/\/guineechrono.com\/index.php\/wp-json\/wp\/v2\/posts\/32043","targetHints":{"allow":["GET"]}}],"collection":[{"href":"https:\/\/guineechrono.com\/index.php\/wp-json\/wp\/v2\/posts"}],"about":[{"href":"https:\/\/guineechrono.com\/index.php\/wp-json\/wp\/v2\/types\/post"}],"author":[{"embeddable":true,"href":"https:\/\/guineechrono.com\/index.php\/wp-json\/wp\/v2\/users\/2"}],"replies":[{"embeddable":true,"href":"https:\/\/guineechrono.com\/index.php\/wp-json\/wp\/v2\/comments?post=32043"}],"version-history":[{"count":0,"href":"https:\/\/guineechrono.com\/index.php\/wp-json\/wp\/v2\/posts\/32043\/revisions"}],"wp:featuredmedia":[{"embeddable":true,"href":"https:\/\/guineechrono.com\/index.php\/wp-json\/wp\/v2\/media\/32044"}],"wp:attachment":[{"href":"https:\/\/guineechrono.com\/index.php\/wp-json\/wp\/v2\/media?parent=32043"}],"wp:term":[{"taxonomy":"category","embeddable":true,"href":"https:\/\/guineechrono.com\/index.php\/wp-json\/wp\/v2\/categories?post=32043"},{"taxonomy":"post_tag","embeddable":true,"href":"https:\/\/guineechrono.com\/index.php\/wp-json\/wp\/v2\/tags?post=32043"}],"curies":[{"name":"wp","href":"https:\/\/api.w.org\/{rel}","templated":true}]}}