{"id":32046,"date":"2023-11-19T07:26:27","date_gmt":"2023-11-19T06:26:27","guid":{"rendered":"https:\/\/guineechrono.com\/?p=32046"},"modified":"2023-11-19T07:26:27","modified_gmt":"2023-11-19T06:26:27","slug":"conakry-la-3e-edition-du-forum-dentrepreneuriat-et-leadership-feminin-lancee","status":"publish","type":"post","link":"https:\/\/guineechrono.com\/index.php\/conakry-la-3e-edition-du-forum-dentrepreneuriat-et-leadership-feminin-lancee\/","title":{"rendered":"Conakry : la 3\u00e8 \u00e9dition du Forum d\u2019Entrepreneuriat et Leadership F\u00e9minin lanc\u00e9e"},"content":{"rendered":"<p><strong>Avec pour th\u00e8me principal \u00a0\u00bbFemmes, renforcer votre posture entrepreneuriale pour booster vos activit\u00e9s\u00a0\u00bb la 3\u00e8me \u00e9dition du Forum de l&rsquo;Entrepreneuriat et Leadership F\u00e9minin de Guin\u00e9e (FODELF) a \u00e9t\u00e9 lanc\u00e9e le vendredi 17 novembre 2023 \u00e0 Conakry. <\/strong><\/p>\n<p>C&rsquo;\u00e9tait en pr\u00e9sence de plusieurs repr\u00e9sentants du minist\u00e8re de la promotion f\u00e9minine, de l&rsquo;enfance et des personnes vuln\u00e9rables, ainsi que de plusieurs femmes entrepreneures de Guin\u00e9e et du continent africain.<\/p>\n<p>Selon Macir\u00e9 Tour\u00e9, fondatrice du FODELF, cette 3\u00e8me \u00e9dition s&rsquo;inscrit dans le cadre de la promotion de l&rsquo;entrepreneuriat et la formation des femmes entrepreneures. \u00ab\u00a0Nous ne sommes pas all\u00e9 sur beaucoup de panels, mais plusieurs ateliers de formation et Master-class. Le choix du th\u00e8me \u2018\u2019Femmes, renforcer votre posture entrepreneuriale pour booster vos activit\u00e9s\u2019\u2019 s&rsquo;interpr\u00e8te par le renforcement de capacit\u00e9s \u00e0 tout \u00e2ge. Vous avez entendu beaucoup de t\u00e9moignages, je pense donc qu&rsquo;il va falloir plus de formalit\u00e9s pour structurer leur business, pour leur permettre de faire du b\u00e9n\u00e9fice\u00bb, a-t-elle affirm\u00e9.<\/p>\n<p>La fondatrice du FODELF poursuit en pr\u00e9cisant que les attentes sont nombreuses. \u00abJ&rsquo;ai \u00e9t\u00e9 aujourd&rsquo;hui ravie et je ne peux que dire merci parce que vous avez vu la mobilisation et c&rsquo;est impressionnant. Je ne dirai pas trop d&rsquo;attente c&rsquo;est de remercier Dieu et de prier que tout ce passe bien\u00bb.<\/p>\n<p>Pour la repr\u00e9sentante du minist\u00e8re de la promotion f\u00e9minine de l&rsquo;enfance et des personnes vuln\u00e9rables, le forum de l&rsquo;Entrepreneuriat et Leadership F\u00e9minin de Guin\u00e9e est une activit\u00e9 qui rentre dans les pr\u00e9rogatives de son minist\u00e8re de tutelle.<\/p>\n<p>\u00ab\u00a0Car c&rsquo;est un forum qui peut encourager les femmes \u00e0 accro\u00eetre leur potentialit\u00e9s parce que les femmes Guin\u00e9ennes en ont et aussi, permettre leur autonomisation. Et l\u00e0 je peux vous rassurer que madame la Ministre depuis qu&rsquo;elle a pris fonction sous les auspices du pr\u00e9sident de la transition fait tout pour promouvoir et encourager les femmes dans l&rsquo;entrepreneuriat parce que l&rsquo;objectif c&rsquo;est qu&rsquo;il y ait beaucoup de femmes \u00e0 autonomisation vulgaris\u00e9e en R\u00e9publique de Guin\u00e9e\u00bb, a-t-elle fait mention.<\/p>\n<p>A noter que cette 3<sup>\u00e8me<\/sup> \u00e9dition du forum de l&rsquo;Entrepreneuriat et Leadership F\u00e9minin de Guin\u00e9e se tiendra jusqu&rsquo;au 19 novembre 2023<\/p>\n<p><strong>Amadou Kant\u00e9<\/strong><\/p>\n<p>&nbsp;<\/p>\n","protected":false},"excerpt":{"rendered":"<p>Avec pour th\u00e8me principal \u00a0\u00bbFemmes, renforcer votre posture entrepreneuriale pour booster vos activit\u00e9s\u00a0\u00bb la 3\u00e8me \u00e9dition du Forum de l&rsquo;Entrepreneuriat et Leadership F\u00e9minin de Guin\u00e9e (FODELF) a \u00e9t\u00e9 lanc\u00e9e le vendredi 17 novembre 2023 \u00e0 Conakry. C&rsquo;\u00e9tait en pr\u00e9sence de plusieurs repr\u00e9sentants du minist\u00e8re de la promotion f\u00e9minine, de l&rsquo;enfance et des personnes vuln\u00e9rables, ainsi [&hellip;]<\/p>\n","protected":false},"author":2,"featured_media":32047,"comment_status":"open","ping_status":"closed","sticky":false,"template":"","format":"standard","meta":{"buzzeditor_post_format":"","footnotes":""},"categories":[42],"tags":[],"class_list":["post-32046","post","type-post","status-publish","format-standard","has-post-thumbnail","hentry","category-news"],"jetpack_featured_media_url":"https:\/\/guineechrono.com\/wp-content\/uploads\/2023\/11\/feminine.jpg","amp_enabled":true,"_links":{"self":[{"href":"https:\/\/guineechrono.com\/index.php\/wp-json\/wp\/v2\/posts\/32046","targetHints":{"allow":["GET"]}}],"collection":[{"href":"https:\/\/guineechrono.com\/index.php\/wp-json\/wp\/v2\/posts"}],"about":[{"href":"https:\/\/guineechrono.com\/index.php\/wp-json\/wp\/v2\/types\/post"}],"author":[{"embeddable":true,"href":"https:\/\/guineechrono.com\/index.php\/wp-json\/wp\/v2\/users\/2"}],"replies":[{"embeddable":true,"href":"https:\/\/guineechrono.com\/index.php\/wp-json\/wp\/v2\/comments?post=32046"}],"version-history":[{"count":0,"href":"https:\/\/guineechrono.com\/index.php\/wp-json\/wp\/v2\/posts\/32046\/revisions"}],"wp:featuredmedia":[{"embeddable":true,"href":"https:\/\/guineechrono.com\/index.php\/wp-json\/wp\/v2\/media\/32047"}],"wp:attachment":[{"href":"https:\/\/guineechrono.com\/index.php\/wp-json\/wp\/v2\/media?parent=32046"}],"wp:term":[{"taxonomy":"category","embeddable":true,"href":"https:\/\/guineechrono.com\/index.php\/wp-json\/wp\/v2\/categories?post=32046"},{"taxonomy":"post_tag","embeddable":true,"href":"https:\/\/guineechrono.com\/index.php\/wp-json\/wp\/v2\/tags?post=32046"}],"curies":[{"name":"wp","href":"https:\/\/api.w.org\/{rel}","templated":true}]}}