{"id":32089,"date":"2023-12-01T15:37:47","date_gmt":"2023-12-01T14:37:47","guid":{"rendered":"https:\/\/guineechrono.com\/?p=32089"},"modified":"2023-12-01T15:37:47","modified_gmt":"2023-12-01T14:37:47","slug":"bakary-sylla-un-leader-visionnaire-a-la-tete-de-la-caisse-nationale-de-securite-sociale-amadou-bah","status":"publish","type":"post","link":"https:\/\/guineechrono.com\/index.php\/bakary-sylla-un-leader-visionnaire-a-la-tete-de-la-caisse-nationale-de-securite-sociale-amadou-bah\/","title":{"rendered":"Bakary Sylla : Un leader visionnaire \u00e0 la t\u00eate de la Caisse Nationale de S\u00e9curit\u00e9 Sociale (Amadou Bah)"},"content":{"rendered":"<p>En d\u00e9cembre 2021, Bakary Sylla a pris les r\u00eanes de la Caisse Nationale de S\u00e9curit\u00e9 Sociale (CNSS) en tant que Directeur G\u00e9n\u00e9ral, marquant ainsi le d\u00e9but d\u2019une nouvelle \u00e8re pour cette institution cl\u00e9. Avant cette nomination prestigieuse, son parcours professionnel impressionnant au sein de l\u2019administration guin\u00e9enne, o\u00f9 il a occup\u00e9 des postes \u00e9minents tels que Chef de Cabinet du Minist\u00e8re de l\u2019\u00c9conomie et des Finances, ainsi que Conseiller Sp\u00e9cial du Premier Ministre, a d\u00e9j\u00e0 trac\u00e9 la voie de son leadership exceptionnel.<\/p>\n<p>Avant de rejoindre la CNSS, Bakary Sylla a accumul\u00e9 une exp\u00e9rience de pr\u00e8s de vingt ans dans la sph\u00e8re financi\u00e8re internationale en Europe. Sa contribution remarquable \u00e0 la g\u00e9ante britannique Barclays Bank, o\u00f9 il a \u00e9t\u00e9 adjoint au Directeur Finance, Tr\u00e9sorerie et des Risques, en plus de son r\u00f4le en tant que membre du comit\u00e9 de direction pour la France et Directeur de Projet Fusion Acquisition pour l\u2019Europe de l\u2019Ouest, t\u00e9moigne de sa comp\u00e9tence et de sa ma\u00eetrise des enjeux financiers \u00e0 l\u2019\u00e9chelle mondiale.<\/p>\n<p>\u00c0 son arriv\u00e9e \u00e0 la CNSS, Bakary Sylla a imm\u00e9diatement mis en place une feuille de route ambitieuse ax\u00e9e sur des objectifs cl\u00e9s. Parmi ces priorit\u00e9s, la s\u00e9curisation des recettes, la ma\u00eetrise des d\u00e9penses de prestations et la reconstitution des fonds de r\u00e9serve technique se d\u00e9marquent. Ces actions strat\u00e9giques ont permis de consolider la position financi\u00e8re de la CNSS et de garantir la p\u00e9rennit\u00e9 de ses services essentiels.<\/p>\n<p>Le bilan positif de Bakary Sylla ne se limite pas aux chiffres et aux r\u00e9serves, mais se manifeste \u00e9galement dans des actions concr\u00e8tes en faveur des b\u00e9n\u00e9ficiaires et du personnel. La mensualisation et la revalorisation des pensions et allocations familiales t\u00e9moignent de son engagement envers le bien-\u00eatre des assur\u00e9s. De plus, son implication dans l\u2019indemnisation des retrait\u00e9s de Rusal FRIGUIA et de la SOGUIPAH, dont certains \u00e9taient priv\u00e9s de leurs droits pendant une d\u00e9cennie, souligne son sens aigu de la justice sociale.<\/p>\n<p>Monsieur Bakary Sylla a \u00e9galement inscrit \u00e0 son actif la titularisation de l\u2019ensemble des contractuels de la CNSS, offrant ainsi une stabilit\u00e9 professionnelle \u00e0 ceux qui avaient longtemps \u0153uvr\u00e9 sous ce statut pr\u00e9caire. L\u2019am\u00e9lioration des conditions de vie et de travail du personnel de la CNSS atteste de sa volont\u00e9 de cr\u00e9er un environnement propice \u00e0 l\u2019\u00e9panouissement professionnel.<\/p>\n<p>Bakary Sylla incarne indubitablement un leader visionnaire \u00e0 la t\u00eate de la Caisse Nationale de S\u00e9curit\u00e9 Sociale. Sa carri\u00e8re impressionnante, son engagement envers l\u2019excellence op\u00e9rationnelle et son impact positif sur la vie des assur\u00e9s font de lui un acteur central dans la transformation positive de l\u2019institution qu\u2019il dirige avec brio sous l\u2019\u00e8re du Colonel Mamadi Doumbouya, Pr\u00e9sident de la Transition.<\/p>\n<p>Ahmadou Bah<\/p>\n","protected":false},"excerpt":{"rendered":"<p>En d\u00e9cembre 2021, Bakary Sylla a pris les r\u00eanes de la Caisse Nationale de S\u00e9curit\u00e9 Sociale (CNSS) en tant que Directeur G\u00e9n\u00e9ral, marquant ainsi le d\u00e9but d\u2019une nouvelle \u00e8re pour cette institution cl\u00e9. Avant cette nomination prestigieuse, son parcours professionnel impressionnant au sein de l\u2019administration guin\u00e9enne, o\u00f9 il a occup\u00e9 des postes \u00e9minents tels que [&hellip;]<\/p>\n","protected":false},"author":2,"featured_media":32090,"comment_status":"open","ping_status":"closed","sticky":false,"template":"","format":"standard","meta":{"buzzeditor_post_format":"","footnotes":""},"categories":[2],"tags":[],"class_list":["post-32089","post","type-post","status-publish","format-standard","has-post-thumbnail","hentry","category-featured"],"jetpack_featured_media_url":"https:\/\/guineechrono.com\/wp-content\/uploads\/2023\/12\/syllla.jpg","amp_enabled":true,"_links":{"self":[{"href":"https:\/\/guineechrono.com\/index.php\/wp-json\/wp\/v2\/posts\/32089","targetHints":{"allow":["GET"]}}],"collection":[{"href":"https:\/\/guineechrono.com\/index.php\/wp-json\/wp\/v2\/posts"}],"about":[{"href":"https:\/\/guineechrono.com\/index.php\/wp-json\/wp\/v2\/types\/post"}],"author":[{"embeddable":true,"href":"https:\/\/guineechrono.com\/index.php\/wp-json\/wp\/v2\/users\/2"}],"replies":[{"embeddable":true,"href":"https:\/\/guineechrono.com\/index.php\/wp-json\/wp\/v2\/comments?post=32089"}],"version-history":[{"count":0,"href":"https:\/\/guineechrono.com\/index.php\/wp-json\/wp\/v2\/posts\/32089\/revisions"}],"wp:featuredmedia":[{"embeddable":true,"href":"https:\/\/guineechrono.com\/index.php\/wp-json\/wp\/v2\/media\/32090"}],"wp:attachment":[{"href":"https:\/\/guineechrono.com\/index.php\/wp-json\/wp\/v2\/media?parent=32089"}],"wp:term":[{"taxonomy":"category","embeddable":true,"href":"https:\/\/guineechrono.com\/index.php\/wp-json\/wp\/v2\/categories?post=32089"},{"taxonomy":"post_tag","embeddable":true,"href":"https:\/\/guineechrono.com\/index.php\/wp-json\/wp\/v2\/tags?post=32089"}],"curies":[{"name":"wp","href":"https:\/\/api.w.org\/{rel}","templated":true}]}}