{"id":32160,"date":"2023-12-09T18:45:06","date_gmt":"2023-12-09T17:45:06","guid":{"rendered":"https:\/\/guineechrono.com\/?p=32160"},"modified":"2023-12-09T18:45:06","modified_gmt":"2023-12-09T17:45:06","slug":"4eme-edition-du-feg-dr-diaka-sidibe-precise-ce-fut-une-experience-enrichissante-et-stimulante","status":"publish","type":"post","link":"https:\/\/guineechrono.com\/index.php\/4eme-edition-du-feg-dr-diaka-sidibe-precise-ce-fut-une-experience-enrichissante-et-stimulante\/","title":{"rendered":"4\u00e8me \u00e9dition  du FEG\/Dr Diaka Sidib\u00e9 pr\u00e9cise : \u00abCe fut une exp\u00e9rience enrichissante et stimulante\u00bb"},"content":{"rendered":"<p><strong>Le Forum de l&rsquo;\u00c9tudiant Guin\u00e9en a \u00e9t\u00e9 cl\u00f4tur\u00e9 le Vendredi 8 D\u00e9cembre 2023 au palais du peuple de Conakry. Pour un d\u00e9roulement de 3 journ\u00e9es, plusieurs experts issus du domaine scientifique, des autorit\u00e9s politiques et du monde des entreprises ont donn\u00e9 des pistes de solution \u00e0 l&rsquo;occasion de panels tenus lors de ce Forum. <\/strong><\/p>\n<p>A terme, Dr Diaka Sidib\u00e9, ministre de l&rsquo;Enseignement Sup\u00e9rieur de la Recherche Scientifique et de l&rsquo;innovation rappelle que ce fut une exp\u00e9rience enrichissante et stimulante.<\/p>\n<p>\u00ab C&rsquo;est une exp\u00e9rience au cours de laquelle nous avons explor\u00e9 les d\u00e9fis et les opportunit\u00e9s li\u00e9es aux \u00e9tudes sup\u00e9rieures et aux pratiques professionnelles. Avec pour fil conducteur le d\u00e9fis des comp\u00e9tences et de l&#8217;employabilit\u00e9. Cet \u00e9v\u00e9nement de promotion des talents a \u00e9t\u00e9 un espace de rencontres prometteuses, de dialogue libre entre les formateurs, les \u00e9tudiants et le monde \u00e9conomique qui ont su d\u00e9battre des projets innovants. J&rsquo;exprime cette gratitude \u00e0 l&rsquo;endroit de tous les participants. L&rsquo;\u00e9dition du Forum de l&rsquo;\u00c9tudiant Guin\u00e9en de l&rsquo;ann\u00e9e 2023 a \u00e9t\u00e9 con\u00e7ue pour aborder des questions cruciales notamment la mani\u00e8re dont nous pouvons mieux aligner le syst\u00e8me \u00e9ducatif sur les exigences du march\u00e9 du travail. Garantissant ainsi une transition fluide des \u00e9tudes sup\u00e9rieures vers la vie professionnelle.<\/p>\n<p>Ce forum nous a permis de capitaliser sur les strat\u00e9gies du gouvernement de transition \u00e0 sa t\u00eate Son Excellence le Colonel Mamady Doumbouya. Ces acquis sont entre autres : l&rsquo;octroi de bus destin\u00e9 au transport des \u00e9tudiants ; de vaste chantier de construction, de r\u00e9novation en extension et en \u00e9quipements au sein de l&rsquo;ensemble des institutions d&rsquo;enseignement sup\u00e9rieur, etc\u2026\u00bb<\/p>\n<p>Pour conclure, la ministre du d\u00e9partement des \u00e9tudes sup\u00e9rieures en R\u00e9publique de Guin\u00e9e r\u00e9affirme. \u00abLa collaboration entre la secteur \u00e9ducatif, le secteur priv\u00e9 et le gouvernement est imp\u00e9ratif pour garantir une transition harmonieuse vers le monde professionnel. C&rsquo;est seulement avec de tel partenariat que nous pouvons r\u00e9pondre efficacement au d\u00e9fi de l&#8217;employabilit\u00e9. Je r\u00e9affirme mon engagement envers l&rsquo;am\u00e9lioration constante du sous-secteur des \u00e9tudes sup\u00e9rieures et vous assur\u00e9 du soutien du gouvernement \u00e0 sa t\u00eate le Dr Bernard Goumou dans ses efforts innombrables. Je reste davantage convaincue que le d\u00e9veloppement de la Guin\u00e9e passe par la promotion d&rsquo;une Jeunesse cultiv\u00e9e et responsable, c&rsquo;est pourquoi je vous rassure de la disponibilit\u00e9 de mon d\u00e9partement pour vous cr\u00e9er de meilleures conditions de vie et de travail\u00bb, a-t-elle \u00e9difi\u00e9.<\/p>\n<p><strong>Amadou Kant\u00e9<\/strong><\/p>\n<p>&nbsp;<\/p>\n","protected":false},"excerpt":{"rendered":"<p>Le Forum de l&rsquo;\u00c9tudiant Guin\u00e9en a \u00e9t\u00e9 cl\u00f4tur\u00e9 le Vendredi 8 D\u00e9cembre 2023 au palais du peuple de Conakry. Pour un d\u00e9roulement de 3 journ\u00e9es, plusieurs experts issus du domaine scientifique, des autorit\u00e9s politiques et du monde des entreprises ont donn\u00e9 des pistes de solution \u00e0 l&rsquo;occasion de panels tenus lors de ce Forum. A [&hellip;]<\/p>\n","protected":false},"author":2,"featured_media":32161,"comment_status":"open","ping_status":"closed","sticky":false,"template":"","format":"standard","meta":{"buzzeditor_post_format":"","footnotes":""},"categories":[42],"tags":[],"class_list":["post-32160","post","type-post","status-publish","format-standard","has-post-thumbnail","hentry","category-news"],"jetpack_featured_media_url":"https:\/\/guineechrono.com\/wp-content\/uploads\/2023\/12\/diakatt.jpg","amp_enabled":true,"_links":{"self":[{"href":"https:\/\/guineechrono.com\/index.php\/wp-json\/wp\/v2\/posts\/32160","targetHints":{"allow":["GET"]}}],"collection":[{"href":"https:\/\/guineechrono.com\/index.php\/wp-json\/wp\/v2\/posts"}],"about":[{"href":"https:\/\/guineechrono.com\/index.php\/wp-json\/wp\/v2\/types\/post"}],"author":[{"embeddable":true,"href":"https:\/\/guineechrono.com\/index.php\/wp-json\/wp\/v2\/users\/2"}],"replies":[{"embeddable":true,"href":"https:\/\/guineechrono.com\/index.php\/wp-json\/wp\/v2\/comments?post=32160"}],"version-history":[{"count":0,"href":"https:\/\/guineechrono.com\/index.php\/wp-json\/wp\/v2\/posts\/32160\/revisions"}],"wp:featuredmedia":[{"embeddable":true,"href":"https:\/\/guineechrono.com\/index.php\/wp-json\/wp\/v2\/media\/32161"}],"wp:attachment":[{"href":"https:\/\/guineechrono.com\/index.php\/wp-json\/wp\/v2\/media?parent=32160"}],"wp:term":[{"taxonomy":"category","embeddable":true,"href":"https:\/\/guineechrono.com\/index.php\/wp-json\/wp\/v2\/categories?post=32160"},{"taxonomy":"post_tag","embeddable":true,"href":"https:\/\/guineechrono.com\/index.php\/wp-json\/wp\/v2\/tags?post=32160"}],"curies":[{"name":"wp","href":"https:\/\/api.w.org\/{rel}","templated":true}]}}