{"id":32221,"date":"2023-12-17T15:23:29","date_gmt":"2023-12-17T14:23:29","guid":{"rendered":"https:\/\/guineechrono.com\/?p=32221"},"modified":"2023-12-18T15:26:13","modified_gmt":"2023-12-18T14:26:13","slug":"conakry-fin-de-la-19e-edition-du-fenac","status":"publish","type":"post","link":"https:\/\/guineechrono.com\/index.php\/conakry-fin-de-la-19e-edition-du-fenac\/","title":{"rendered":"Conakry : fin de la 19\u00e8 \u00e9dition du FENAC"},"content":{"rendered":"<p><strong>Lanc\u00e9e par le pr\u00e9sident du CNT il y a quelques jours, la 19\u00e8 \u00e9dition du festival national des arts et de la culture FENAC a \u00e9t\u00e9 cl\u00f4tur\u00e9e ce Samedi 16 D\u00e9cembre 2023 \u00e0 Conakry.<\/strong><\/p>\n<p>Profitant de cette c\u00e9r\u00e9monie de cl\u00f4ture, Alpha Soumah, ministre de la culture du tourisme et de l\u2019artisanat est revenu sur les moments de gloire de ce festival avant d\u2019adresser des conseils \u00e0 l\u2019endroit des participants notamment la nouvelle g\u00e9n\u00e9ration.<\/p>\n<p>\u00abCe festival a \u00e9t\u00e9 cr\u00e9\u00e9 par les p\u00e8res fondateurs de notre R\u00e9publique, il s\u2019est d\u00e9roul\u00e9 en diff\u00e9rentes \u00e9ditions. Les pr\u00e9d\u00e9cesseurs ont mis une lettre de noblesse \u00e0 ce festival et nous \u00e0 notre tour nous l\u2019adaptons \u00e0 nos r\u00e9alit\u00e9s.<br \/>\nA notre arriv\u00e9e \u00e0 la t\u00eate de ce d\u00e9partement, nous avons pu perp\u00e9tuer certaines traditions et ce festival cr\u00e9\u00e9 dans les ann\u00e9es 60 fait partie. Et aujourd\u2019hui il va falloir que la nouvelle g\u00e9n\u00e9ration s\u2019en approprie, parce que tous les ensembles qui ont pris part \u00e0 cette \u00e9dition que \u00e7a soit les Ballets Djoliba, les Ballets africains ou les orchestres nationaux, tels que Bembeya Jazz sont issus des quinzaines artistiques qui a donn\u00e9 \u00e0 la suite lieu au festival national des arts et de la culture. C\u2019est pourquoi \u00e0 notre tour nous voulons transmettre cela \u00e0 la nouvelle g\u00e9n\u00e9ration d\u2019artistes, d\u2019hommes de culture\u00bb, a-t-il \u00e9nonc\u00e9.<\/p>\n<p>A en croire le ministre de la culture du tourisme et de l\u2019artisanat, si toute fois cette transmission est rendue possible, cela serait d\u2019une importance capitale.<br \/>\nL\u2019objectif primordial est donc selon lui : \u00ab De faire des arts et de la culture un tremplin pour l\u2019emploi descent des hommes de culture. Il faut donc une synergie d\u2019action pour amener les artistes au perfectionnement ainsi qu\u2019\u00e0 la professionnalisation. C\u2019est pourquoi on a initi\u00e9 un projet de statut pour les artistes afin qu\u2019il parviennent \u00e0 \u00eatre pay\u00e9 comme tout bon travailleur et aussi encourag\u00e9 leur cotisation \u00e0 la caisse nationale de s\u00e9curit\u00e9 sociale pour en ressortir des avantages\u00bb, a-t-il affirm\u00e9.<\/p>\n<p>Cette \u00e9dition du festival national des arts et de la culture a \u00e9t\u00e9 cl\u00f4tur\u00e9e par la remise de nombreux prix et satisfecits aux vainqueurs venus de toutes les r\u00e9gions administratives de la Guin\u00e9e. Rendez-vous est donc pris pour la prochaine \u00e9dition pour encore raviver le domaine culturel et valoriser les \u0153uvres artistiques made in guinea.<\/p>\n<p><strong>Amadou Kant\u00e9<\/strong><\/p>\n","protected":false},"excerpt":{"rendered":"<p>Lanc\u00e9e par le pr\u00e9sident du CNT il y a quelques jours, la 19\u00e8 \u00e9dition du festival national des arts et de la culture FENAC a \u00e9t\u00e9 cl\u00f4tur\u00e9e ce Samedi 16 D\u00e9cembre 2023 \u00e0 Conakry. Profitant de cette c\u00e9r\u00e9monie de cl\u00f4ture, Alpha Soumah, ministre de la culture du tourisme et de l\u2019artisanat est revenu sur les [&hellip;]<\/p>\n","protected":false},"author":2,"featured_media":32222,"comment_status":"open","ping_status":"closed","sticky":false,"template":"","format":"standard","meta":{"buzzeditor_post_format":"","footnotes":""},"categories":[47],"tags":[],"class_list":["post-32221","post","type-post","status-publish","format-standard","has-post-thumbnail","hentry","category-culture"],"jetpack_featured_media_url":"https:\/\/guineechrono.com\/wp-content\/uploads\/2023\/12\/cloturee.jpg","amp_enabled":true,"_links":{"self":[{"href":"https:\/\/guineechrono.com\/index.php\/wp-json\/wp\/v2\/posts\/32221","targetHints":{"allow":["GET"]}}],"collection":[{"href":"https:\/\/guineechrono.com\/index.php\/wp-json\/wp\/v2\/posts"}],"about":[{"href":"https:\/\/guineechrono.com\/index.php\/wp-json\/wp\/v2\/types\/post"}],"author":[{"embeddable":true,"href":"https:\/\/guineechrono.com\/index.php\/wp-json\/wp\/v2\/users\/2"}],"replies":[{"embeddable":true,"href":"https:\/\/guineechrono.com\/index.php\/wp-json\/wp\/v2\/comments?post=32221"}],"version-history":[{"count":0,"href":"https:\/\/guineechrono.com\/index.php\/wp-json\/wp\/v2\/posts\/32221\/revisions"}],"wp:featuredmedia":[{"embeddable":true,"href":"https:\/\/guineechrono.com\/index.php\/wp-json\/wp\/v2\/media\/32222"}],"wp:attachment":[{"href":"https:\/\/guineechrono.com\/index.php\/wp-json\/wp\/v2\/media?parent=32221"}],"wp:term":[{"taxonomy":"category","embeddable":true,"href":"https:\/\/guineechrono.com\/index.php\/wp-json\/wp\/v2\/categories?post=32221"},{"taxonomy":"post_tag","embeddable":true,"href":"https:\/\/guineechrono.com\/index.php\/wp-json\/wp\/v2\/tags?post=32221"}],"curies":[{"name":"wp","href":"https:\/\/api.w.org\/{rel}","templated":true}]}}