{"id":32414,"date":"2024-01-17T12:21:57","date_gmt":"2024-01-17T11:21:57","guid":{"rendered":"https:\/\/guineechrono.com\/?p=32414"},"modified":"2024-01-17T12:21:57","modified_gmt":"2024-01-17T11:21:57","slug":"guinee-la-convergence-des-acteurs-sociopolitiques-se-prononce-sur-la-gestion-de-la-transition-declaration","status":"publish","type":"post","link":"https:\/\/guineechrono.com\/index.php\/guinee-la-convergence-des-acteurs-sociopolitiques-se-prononce-sur-la-gestion-de-la-transition-declaration\/","title":{"rendered":"Guin\u00e9e : la convergence des acteurs sociopolitiques se prononce sur la gestion de la transition (d\u00e9claration)"},"content":{"rendered":"<p><strong>La convergence des acteurs sociopolitiques a \u00e9tait devant la presse ce mardi 16 janvier 2024 \u00e0 Conakry. L\u2019objectif, c\u2019est de faire la situation du dialogue politique entam\u00e9 avec le gouvernement de la transition, depuis une ann\u00e9e. <\/strong><\/p>\n<p><strong>DECLARATION N\u00b0 001\/CASPCDIG\/CN\/2024<\/strong><\/p>\n<p>Du 15 novembre au 22 d\u00e9cembre 2022 se sont tenues \u00e0 Conakry les pl\u00e9ni\u00e8res du cadre de dialogue inclusif inter-guin\u00e9en, qui ont \u00e9t\u00e9 pr\u00e9c\u00e9d\u00e9es par des panels en commissions. Cette premi\u00e8re initiative depuis la prise du pouvoir par l\u2019arm\u00e9e, \u00e9tait cons\u00e9cutive \u00e0 une demande pressante de l\u2019ensemble de la classe socio-politique guin\u00e9enne. Plus d\u2019une trentaine de coalitions politiques et faiti\u00e8res de la soci\u00e9t\u00e9 civile y ont pris part sous les auspices du Premier Ministre, Chef du Gouvernement et des trois facilitatrices.<\/p>\n<p>Pendant plusieurs semaines les participants ont d\u00e9battu de tous les sujets d\u2019int\u00e9r\u00eats nationaux, mais sp\u00e9cifiquement des dix points inscrits au chronogramme qui ont fait pr\u00e9alablement l\u2019objet d\u2019accord entre les autorit\u00e9s de la transition guin\u00e9enne et la CEDEAO. Les coalitions politiques et les faiti\u00e8res ayant pris part ont, suite aux d\u00e9bats intenses et houleux r\u00e9ussi \u00e0 s\u2019entendre sur trente-cinq r\u00e9solutions. Au nombre de ces r\u00e9solutions, figurait la mise en place d\u2019un cadre de dialogue inclusif, permanent et ouvert. Aussi, pour assurer la mise en \u0153uvre de ces r\u00e9solutions, trois organes ont \u00e9t\u00e9 cr\u00e9\u00e9s et mis en place, notamment\u00a0: le Comit\u00e9 National Permanent, le Secr\u00e9tariat Technique et la Commission de Vulgarisation des R\u00e9solutions.<\/p>\n<p>Apr\u00e8s un an d\u2019existence dudit cadre et de ses organes, voici les difficult\u00e9s rencontr\u00e9es par les organes du cadre\u00a0qui sont devenus des facteurs bloquant le retour \u00e0 l\u2019ordre constitutionnel\u00a0:<\/p>\n<p>I \u2013 Le Comit\u00e9 National Permanent\u00a0: pr\u00e9sid\u00e9 par le premier ministre, Chef du Gouvernement, il se r\u00e9unit en session mensuelle pour examiner les rapports synth\u00e8ses, produits par les \u00e9quipes du secr\u00e9tariat technique. Chacune des sessions est sanctionn\u00e9e par des recommandations faites aux minist\u00e8res concern\u00e9s et au CNT. Mais force est de relever que, ce Comit\u00e9 n\u2019a pas pu se r\u00e9unir r\u00e9guli\u00e8rement. C\u2019est pourquoi plusieurs rapports restent non examin\u00e9s. Il faut \u00e9galement souligner que ses recommandations n\u2019ont souvent pas \u00e9t\u00e9 prises en compte, par certains d\u00e9partements et institutions concern\u00e9s, \u00e0 savoir\u00a0:<\/p>\n<p>Le Minist\u00e8re de l\u2019Administration du Territoire et de la D\u00e9centralisation\u00a0;<\/p>\n<p>Le Minist\u00e8re de la Justice, Garde des sceaux<\/p>\n<p>Le Minist\u00e8re du travail et de fonction publique\u00a0;<\/p>\n<p>Le Minist\u00e8re du Plan et de la Coop\u00e9ration internationale ;<\/p>\n<p>Le minist\u00e8re de la S\u00e9curit\u00e9 et de la Protection Civile\u00a0;<\/p>\n<p>Le Conseil National de la Transition.<\/p>\n<p>&nbsp;<\/p>\n","protected":false},"excerpt":{"rendered":"<p>La convergence des acteurs sociopolitiques a \u00e9tait devant la presse ce mardi 16 janvier 2024 \u00e0 Conakry. L\u2019objectif, c\u2019est de faire la situation du dialogue politique entam\u00e9 avec le gouvernement de la transition, depuis une ann\u00e9e. DECLARATION N\u00b0 001\/CASPCDIG\/CN\/2024 Du 15 novembre au 22 d\u00e9cembre 2022 se sont tenues \u00e0 Conakry les pl\u00e9ni\u00e8res du cadre [&hellip;]<\/p>\n","protected":false},"author":2,"featured_media":32415,"comment_status":"open","ping_status":"closed","sticky":false,"template":"","format":"standard","meta":{"buzzeditor_post_format":"","footnotes":""},"categories":[42],"tags":[],"class_list":["post-32414","post","type-post","status-publish","format-standard","has-post-thumbnail","hentry","category-news"],"jetpack_featured_media_url":"https:\/\/guineechrono.com\/wp-content\/uploads\/2024\/01\/iboune.jpeg","amp_enabled":true,"_links":{"self":[{"href":"https:\/\/guineechrono.com\/index.php\/wp-json\/wp\/v2\/posts\/32414","targetHints":{"allow":["GET"]}}],"collection":[{"href":"https:\/\/guineechrono.com\/index.php\/wp-json\/wp\/v2\/posts"}],"about":[{"href":"https:\/\/guineechrono.com\/index.php\/wp-json\/wp\/v2\/types\/post"}],"author":[{"embeddable":true,"href":"https:\/\/guineechrono.com\/index.php\/wp-json\/wp\/v2\/users\/2"}],"replies":[{"embeddable":true,"href":"https:\/\/guineechrono.com\/index.php\/wp-json\/wp\/v2\/comments?post=32414"}],"version-history":[{"count":0,"href":"https:\/\/guineechrono.com\/index.php\/wp-json\/wp\/v2\/posts\/32414\/revisions"}],"wp:featuredmedia":[{"embeddable":true,"href":"https:\/\/guineechrono.com\/index.php\/wp-json\/wp\/v2\/media\/32415"}],"wp:attachment":[{"href":"https:\/\/guineechrono.com\/index.php\/wp-json\/wp\/v2\/media?parent=32414"}],"wp:term":[{"taxonomy":"category","embeddable":true,"href":"https:\/\/guineechrono.com\/index.php\/wp-json\/wp\/v2\/categories?post=32414"},{"taxonomy":"post_tag","embeddable":true,"href":"https:\/\/guineechrono.com\/index.php\/wp-json\/wp\/v2\/tags?post=32414"}],"curies":[{"name":"wp","href":"https:\/\/api.w.org\/{rel}","templated":true}]}}