{"id":32429,"date":"2024-01-19T12:40:52","date_gmt":"2024-01-19T11:40:52","guid":{"rendered":"https:\/\/guineechrono.com\/?p=32429"},"modified":"2024-01-19T12:40:52","modified_gmt":"2024-01-19T11:40:52","slug":"plusieurs-journalistes-arretes-a-conakry-le-rejodev-guinee-hausse-le-ton-declaration","status":"publish","type":"post","link":"https:\/\/guineechrono.com\/index.php\/plusieurs-journalistes-arretes-a-conakry-le-rejodev-guinee-hausse-le-ton-declaration\/","title":{"rendered":"Plusieurs journalistes arr\u00eat\u00e9s \u00e0 Conakry : le REJODEV-GUINEE hausse le ton (d\u00e9claration)"},"content":{"rendered":"<p><strong>Le R\u00e9seau des Journalistes Engag\u00e9s pour le Devenir de la Guin\u00e9e (REJODEV-Guin\u00e9e)<\/strong> attach\u00e9 aux id\u00e9aux de justice et du respect des Droits de l\u2019Homme a appris ce jeudi, l\u2019arrestation de neuf journalistes \u00e0 la Maison de la presse de Conakry dont son pr\u00e9sident Aboubacar Tour\u00e9 du site africavision7. Com. Ces arrestations font suite \u00e0 la manifestation appel\u00e9e par le syndicat de la presse professionnelle de Guin\u00e9e (SPPG) pour d\u00e9noncer la restriction des r\u00e9seaux sociaux et le retrait de certaines radios et t\u00e9l\u00e9s dans le bouquet Canal+.<\/p>\n<p>Apr\u00e8s plusieurs heures de d\u00e9tention, les journalistes viennent de regagner leurs domiciles mais ils doivent se pr\u00e9senter le matin. Nous d\u00e9non\u00e7ons les entraves \u00e0 la libert\u00e9 de la presse, acquise apr\u00e8s de longues luttes. Cet acquis doit \u00eatre pr\u00e9serv\u00e9 \u00e0 tout prix.<\/p>\n<p>Pour le <strong>REJODEV-GUIN\u00c9E<\/strong> rien ne justifie ces arrestations des professionnels des m\u00e9dias qui ne repr\u00e9sentaient aucune menace. C\u2019est pourquoi, nous condamnons ces actes tout en r\u00e9clamant une enqu\u00eate ind\u00e9pendante pour que les coupables soient rapidement retrouv\u00e9s et traduits en justice. Et, d\u00e9j\u00e0, nous restons mobilis\u00e9s afin que nos amis recouvrent leur libert\u00e9.<\/p>\n<p><strong>Vive la presse<\/strong><\/p>\n<p><strong>Vive la justice<\/strong><\/p>\n<p><strong>Vive le REJODEV-GUIN\u00c9E\u00a0<\/strong><\/p>\n","protected":false},"excerpt":{"rendered":"<p>Le R\u00e9seau des Journalistes Engag\u00e9s pour le Devenir de la Guin\u00e9e (REJODEV-Guin\u00e9e) attach\u00e9 aux id\u00e9aux de justice et du respect des Droits de l\u2019Homme a appris ce jeudi, l\u2019arrestation de neuf journalistes \u00e0 la Maison de la presse de Conakry dont son pr\u00e9sident Aboubacar Tour\u00e9 du site africavision7. Com. Ces arrestations font suite \u00e0 la [&hellip;]<\/p>\n","protected":false},"author":2,"featured_media":32430,"comment_status":"open","ping_status":"closed","sticky":false,"template":"","format":"standard","meta":{"buzzeditor_post_format":"","footnotes":""},"categories":[42],"tags":[],"class_list":["post-32429","post","type-post","status-publish","format-standard","has-post-thumbnail","hentry","category-news"],"jetpack_featured_media_url":"https:\/\/guineechrono.com\/wp-content\/uploads\/2024\/01\/reseaux.jpg","amp_enabled":true,"_links":{"self":[{"href":"https:\/\/guineechrono.com\/index.php\/wp-json\/wp\/v2\/posts\/32429","targetHints":{"allow":["GET"]}}],"collection":[{"href":"https:\/\/guineechrono.com\/index.php\/wp-json\/wp\/v2\/posts"}],"about":[{"href":"https:\/\/guineechrono.com\/index.php\/wp-json\/wp\/v2\/types\/post"}],"author":[{"embeddable":true,"href":"https:\/\/guineechrono.com\/index.php\/wp-json\/wp\/v2\/users\/2"}],"replies":[{"embeddable":true,"href":"https:\/\/guineechrono.com\/index.php\/wp-json\/wp\/v2\/comments?post=32429"}],"version-history":[{"count":0,"href":"https:\/\/guineechrono.com\/index.php\/wp-json\/wp\/v2\/posts\/32429\/revisions"}],"wp:featuredmedia":[{"embeddable":true,"href":"https:\/\/guineechrono.com\/index.php\/wp-json\/wp\/v2\/media\/32430"}],"wp:attachment":[{"href":"https:\/\/guineechrono.com\/index.php\/wp-json\/wp\/v2\/media?parent=32429"}],"wp:term":[{"taxonomy":"category","embeddable":true,"href":"https:\/\/guineechrono.com\/index.php\/wp-json\/wp\/v2\/categories?post=32429"},{"taxonomy":"post_tag","embeddable":true,"href":"https:\/\/guineechrono.com\/index.php\/wp-json\/wp\/v2\/tags?post=32429"}],"curies":[{"name":"wp","href":"https:\/\/api.w.org\/{rel}","templated":true}]}}