{"id":3243,"date":"2019-03-09T18:24:36","date_gmt":"2019-03-09T17:24:36","guid":{"rendered":"http:\/\/guineechrono.com\/?p=3243"},"modified":"2019-03-09T18:24:36","modified_gmt":"2019-03-09T17:24:36","slug":"conference-du-gouvernement-le-ministre-du-plan-face-a-la-presse-lundi","status":"publish","type":"post","link":"https:\/\/guineechrono.com\/index.php\/conference-du-gouvernement-le-ministre-du-plan-face-a-la-presse-lundi\/","title":{"rendered":"Conf\u00e9rence du gouvernement : le  ministre du Plan, face \u00e0 la presse lundi"},"content":{"rendered":"<p>A la faveur de la conf\u00e9rence de presse\u00a0hebdomadaire\u00a0des membres du Gouvernement, la ministre du Plan et du D\u00e9veloppement Economique sera face \u00e0 la presse le lundi 11 Mars 2019 \u00e0 10 heures \u00e0 l\u2019h\u00f4tel Primus Kaloum.<\/p>\n<p>\u00c0 cette occasion, Kanny Diallo fera l\u2019\u00e9tat des lieux de son d\u00e9partement et pr\u00e9sentera les programmes, les acquis et les d\u00e9fis \u00e0 relever.<\/p>\n<p>Cet\u00a0exercice entre dans le cadre de la s\u00e9rie\u00a0de comptes rendus relatifs aux activit\u00e9s du Gouvernement et conform\u00e9ment\u00a0\u00e0 la volont\u00e9 du Chef de l\u2019Etat de partager davantage la vision et le programme de d\u00e9veloppement \u00e9labor\u00e9s avec l\u2019ensemble de nos populations.<\/p>\n<p><strong>Transmis par la Cellule de Communication du Gouvernement\u00a0<\/strong><\/p>\n<p><strong>\u00a0<\/strong><\/p>\n<p><strong>\u00a0<\/strong><\/p>\n<p><strong>\u00a0<\/strong><\/p>\n<p>&nbsp;<\/p>\n<p>&nbsp;<\/p>\n","protected":false},"excerpt":{"rendered":"<p>A la faveur de la conf\u00e9rence de presse\u00a0hebdomadaire\u00a0des membres du Gouvernement, la ministre du Plan et du D\u00e9veloppement Economique sera face \u00e0 la presse le lundi 11 Mars 2019 \u00e0 10 heures \u00e0 l\u2019h\u00f4tel Primus Kaloum. \u00c0 cette occasion, Kanny Diallo fera l\u2019\u00e9tat des lieux de son d\u00e9partement et pr\u00e9sentera les programmes, les acquis et [&hellip;]<\/p>\n","protected":false},"author":2,"featured_media":3244,"comment_status":"open","ping_status":"closed","sticky":false,"template":"","format":"standard","meta":{"buzzeditor_post_format":"","footnotes":""},"categories":[1],"tags":[],"class_list":["post-3243","post","type-post","status-publish","format-standard","has-post-thumbnail","hentry","category-non-classe"],"jetpack_featured_media_url":"https:\/\/guineechrono.com\/wp-content\/uploads\/2019\/03\/kany-1.jpg","amp_enabled":true,"_links":{"self":[{"href":"https:\/\/guineechrono.com\/index.php\/wp-json\/wp\/v2\/posts\/3243","targetHints":{"allow":["GET"]}}],"collection":[{"href":"https:\/\/guineechrono.com\/index.php\/wp-json\/wp\/v2\/posts"}],"about":[{"href":"https:\/\/guineechrono.com\/index.php\/wp-json\/wp\/v2\/types\/post"}],"author":[{"embeddable":true,"href":"https:\/\/guineechrono.com\/index.php\/wp-json\/wp\/v2\/users\/2"}],"replies":[{"embeddable":true,"href":"https:\/\/guineechrono.com\/index.php\/wp-json\/wp\/v2\/comments?post=3243"}],"version-history":[{"count":0,"href":"https:\/\/guineechrono.com\/index.php\/wp-json\/wp\/v2\/posts\/3243\/revisions"}],"wp:featuredmedia":[{"embeddable":true,"href":"https:\/\/guineechrono.com\/index.php\/wp-json\/wp\/v2\/media\/3244"}],"wp:attachment":[{"href":"https:\/\/guineechrono.com\/index.php\/wp-json\/wp\/v2\/media?parent=3243"}],"wp:term":[{"taxonomy":"category","embeddable":true,"href":"https:\/\/guineechrono.com\/index.php\/wp-json\/wp\/v2\/categories?post=3243"},{"taxonomy":"post_tag","embeddable":true,"href":"https:\/\/guineechrono.com\/index.php\/wp-json\/wp\/v2\/tags?post=3243"}],"curies":[{"name":"wp","href":"https:\/\/api.w.org\/{rel}","templated":true}]}}