{"id":32452,"date":"2024-01-24T13:02:14","date_gmt":"2024-01-24T12:02:14","guid":{"rendered":"https:\/\/guineechrono.com\/?p=32452"},"modified":"2024-01-24T13:02:14","modified_gmt":"2024-01-24T12:02:14","slug":"palais-mohammed-v-le-chef-de-letat-quitte-le-commandement-du-groupement-des-forces-speciales-et-beneficie-de-la-reconnaissance-de-ses-freres-darmes-qui-lelevent-a-la-digni","status":"publish","type":"post","link":"https:\/\/guineechrono.com\/index.php\/palais-mohammed-v-le-chef-de-letat-quitte-le-commandement-du-groupement-des-forces-speciales-et-beneficie-de-la-reconnaissance-de-ses-freres-darmes-qui-lelevent-a-la-digni\/","title":{"rendered":"Palais Mohammed V : Le Chef de l\u2019\u00c9tat quitte le Commandement du Groupement des Forces Sp\u00e9ciales et b\u00e9n\u00e9ficie de la reconnaissance de ses fr\u00e8res d\u2019armes qui l\u2019\u00e9l\u00e8vent \u00e0 la dignit\u00e9 de G\u00e9n\u00e9ral de Corps d\u2019Arm\u00e9e \u00e0 titre exceptionnel"},"content":{"rendered":"<p>Le Pr\u00e9sident de la R\u00e9publique, Chef de l\u2019\u00c9tat, Chef supr\u00eame des Arm\u00e9es, le Colonel Mamadi Doumbouya, a re\u00e7u ce mardi 23 janvier 2024, les Commandants de toutes les unit\u00e9s du pays, lors d\u2019un rendez-vous historique, marquant la premi\u00e8re rencontre de ce genre depuis 1958.<\/p>\n<p>Venus chez le Chef de l\u2019\u00c9tat pour des \u00e9changes traditionnels de v\u0153ux de Nouvel An, ils \u00e9taient plus de 450 membres des Forces de d\u00e9fense et de s\u00e9curit\u00e9, principalement compos\u00e9s de commandants d\u2019unit\u00e9s, sous la direction de toute la haute hi\u00e9rarchie militaire de l\u2019Arm\u00e9e guin\u00e9enne.<\/p>\n<p>\u00ab\u00a0L\u2019arm\u00e9e guin\u00e9enne, sous la direction de son Chef supr\u00eame, se profile comme une institution plus stable, solide et proche des citoyens\u00a0\u00bb, s\u2019est f\u00e9licit\u00e9 le ministre d\u2019\u00c9tat, ministre de la D\u00e9fense nationale, le G\u00e9n\u00e9ral \u00e0 la retraite Aboubacar Sidiki Camara, qui a pr\u00e9sent\u00e9 au nom des Forces de d\u00e9fense et de s\u00e9curit\u00e9 les v\u0153ux de Nouvel An au Pr\u00e9sident de la R\u00e9publique.<\/p>\n<p>Les Officiers g\u00e9n\u00e9raux et les Officiers sup\u00e9rieurs ont tenu \u00e0 exprimer leur reconnaissance au Chef de l\u2019\u00c9tat pour les efforts d\u00e9ploy\u00e9s depuis le 5 septembre 2021, visant \u00e0 am\u00e9liorer les conditions de vie et de travail des Forces de d\u00e9fense et de s\u00e9curit\u00e9. \u00ab\u00a0Au cours de ces derni\u00e8res ann\u00e9es, le Pr\u00e9sident Mamadi Doumbouya a en effet investi massivement et cons\u00e9quemment dans l\u2019\u00e9quipement, la formation ainsi que la qualification du personnel militaire, renfor\u00e7ant dans le m\u00eame temps la stabilit\u00e9 de nos Forces arm\u00e9es\u00a0\u00bb, ont not\u00e9 les membres de la cr\u00e8me de l\u2019arm\u00e9e guin\u00e9enne.<\/p>\n<p>Pour sa part et fier des progr\u00e8s r\u00e9alis\u00e9s avec ses fr\u00e8res d\u2019armes, le Pr\u00e9sident Mamadi Doumbouya a encourag\u00e9 l\u2019Arm\u00e9e \u00e0 maintenir son r\u00f4le de sentinelle dans la d\u00e9fense et la s\u00e9curit\u00e9 des populations ainsi que la protection de leurs biens. Il a chaleureusement remerci\u00e9 toutes les Forces de d\u00e9fense et de s\u00e9curit\u00e9 pour leurs v\u0153ux et a salu\u00e9 leur d\u00e9termination \u00e0 consolider les acquis, tout en les invitant \u00e0 rester proactives afin de renforcer les liens avec la Nation.<\/p>\n<p>Au cours de cette rencontre exceptionnelle, le Chef supr\u00eame des Arm\u00e9es a \u00e9galement annonc\u00e9 sa d\u00e9cision de quitter le commandement du Groupement des Forces Sp\u00e9ciales (GFS), apr\u00e8s 6 ans \u00e0 la t\u00eate de cette unit\u00e9 d\u2019\u00e9lite. Par d\u00e9cret, il sera remplac\u00e9 par le Lieutenant-Colonel Mouctar Kaba, pr\u00e9c\u00e9demment Commandant adjoint de ladite unit\u00e9, et second\u00e9 par le Commandant Elhadj Baba Barry, pr\u00e9c\u00e9demment responsable des op\u00e9rations au sein de cette m\u00eame unit\u00e9 d\u2019\u00e9lite.<\/p>\n<p>Au terme de cette rencontre, apr\u00e8s plusieurs concertations, l\u2019ensemble des Forces de d\u00e9fenses et de s\u00e9curit\u00e9, ont exprim\u00e9 leur volont\u00e9 de voir le Chef de l\u2019Etat \u00e9lev\u00e9 \u00e0 la dignit\u00e9 de G\u00e9n\u00e9ral de Corps d\u2019Arm\u00e9e.<\/p>\n<p>Dans son humilit\u00e9 habituelle, le Pr\u00e9sident de la R\u00e9publique qui s\u2019est initialement soustrait au v\u0153u de ses fr\u00e8res d\u2019armes qui date, a finalement accept\u00e9 apr\u00e8s plusieurs tractations. Ainsi, le Chef de l\u2019\u00c9tat, Son Excellence le Colonel Mamadi Doumbouya, est \u00e9lev\u00e9 \u00e0 titre exceptionnel \u00e0 la dignit\u00e9 de G\u00e9n\u00e9ral de Corps d\u2019Arm\u00e9e par la volont\u00e9 de la haute hi\u00e9rarchie militaire et des commandants d\u2019unit\u00e9 de l\u2019ensemble des Forces de d\u00e9fense et de s\u00e9curit\u00e9 du pays. Un honneur qu\u2019il accepte avec modestie au nom du peuple de Guin\u00e9e.<\/p>\n<p>Ainsi, la d\u00e9cision du Pr\u00e9sident de la R\u00e9publique d\u2019accepter finalement d\u2019\u00eatre \u00e9lev\u00e9 au rang de G\u00e9n\u00e9ral de Corps d\u2019Arm\u00e9e, en reconnaissance des r\u00e9formes rapides et majeures entreprises, souligne l\u2019unit\u00e9 et la confiance au sein des Forces arm\u00e9es guin\u00e9ennes. Cette distinction refl\u00e8te la volont\u00e9 collective des Forces de d\u00e9fense et de s\u00e9curit\u00e9 de consolider les avanc\u00e9es majeures et de renforcer le leadership du Chef de l\u2019\u00c9tat dans le domaine militaire.<\/p>\n<p>C\u2019est dans une atmosph\u00e8re empreinte de joie, d\u2019humilit\u00e9 et de responsabilit\u00e9 que cette rencontre a pris fin, marquant un moment significatif dans l\u2019histoire militaire de la Guin\u00e9e.<\/p>\n<p><strong>DCI-PRG<\/strong>.<\/p>\n","protected":false},"excerpt":{"rendered":"<p>Le Pr\u00e9sident de la R\u00e9publique, Chef de l\u2019\u00c9tat, Chef supr\u00eame des Arm\u00e9es, le Colonel Mamadi Doumbouya, a re\u00e7u ce mardi 23 janvier 2024, les Commandants de toutes les unit\u00e9s du pays, lors d\u2019un rendez-vous historique, marquant la premi\u00e8re rencontre de ce genre depuis 1958. Venus chez le Chef de l\u2019\u00c9tat pour des \u00e9changes traditionnels de [&hellip;]<\/p>\n","protected":false},"author":2,"featured_media":32453,"comment_status":"open","ping_status":"closed","sticky":false,"template":"","format":"standard","meta":{"buzzeditor_post_format":"","footnotes":""},"categories":[42],"tags":[],"class_list":["post-32452","post","type-post","status-publish","format-standard","has-post-thumbnail","hentry","category-news"],"jetpack_featured_media_url":"https:\/\/guineechrono.com\/wp-content\/uploads\/2024\/01\/palait.jpeg","amp_enabled":true,"_links":{"self":[{"href":"https:\/\/guineechrono.com\/index.php\/wp-json\/wp\/v2\/posts\/32452","targetHints":{"allow":["GET"]}}],"collection":[{"href":"https:\/\/guineechrono.com\/index.php\/wp-json\/wp\/v2\/posts"}],"about":[{"href":"https:\/\/guineechrono.com\/index.php\/wp-json\/wp\/v2\/types\/post"}],"author":[{"embeddable":true,"href":"https:\/\/guineechrono.com\/index.php\/wp-json\/wp\/v2\/users\/2"}],"replies":[{"embeddable":true,"href":"https:\/\/guineechrono.com\/index.php\/wp-json\/wp\/v2\/comments?post=32452"}],"version-history":[{"count":0,"href":"https:\/\/guineechrono.com\/index.php\/wp-json\/wp\/v2\/posts\/32452\/revisions"}],"wp:featuredmedia":[{"embeddable":true,"href":"https:\/\/guineechrono.com\/index.php\/wp-json\/wp\/v2\/media\/32453"}],"wp:attachment":[{"href":"https:\/\/guineechrono.com\/index.php\/wp-json\/wp\/v2\/media?parent=32452"}],"wp:term":[{"taxonomy":"category","embeddable":true,"href":"https:\/\/guineechrono.com\/index.php\/wp-json\/wp\/v2\/categories?post=32452"},{"taxonomy":"post_tag","embeddable":true,"href":"https:\/\/guineechrono.com\/index.php\/wp-json\/wp\/v2\/tags?post=32452"}],"curies":[{"name":"wp","href":"https:\/\/api.w.org\/{rel}","templated":true}]}}