{"id":3246,"date":"2019-03-09T18:31:22","date_gmt":"2019-03-09T17:31:22","guid":{"rendered":"http:\/\/guineechrono.com\/?p=3246"},"modified":"2020-05-19T16:34:05","modified_gmt":"2020-05-19T15:34:05","slug":"ag-de-lufdg-cellou-dalein-tres-revolte-contre-le-deguerpissement-de-kaporo-rail","status":"publish","type":"post","link":"https:\/\/guineechrono.com\/index.php\/ag-de-lufdg-cellou-dalein-tres-revolte-contre-le-deguerpissement-de-kaporo-rail\/","title":{"rendered":"AG de l&rsquo;UFDG: Cellou Dalein tres r\u00e9volt\u00e9 contre le d\u00e9guerpissement de Kaporo Rail"},"content":{"rendered":"<p><strong>A l\u2019occasion de l\u2019assembl\u00e9e g\u00e9n\u00e9rale hebdomadaire de l\u2019Union des Forces D\u00e9mocratiques de Guin\u00e9e (UFDG), le samedi 09 mars 2019, \u00e0 la Mini\u00e8re, Cellou Dalein Diallo, s\u2019est montr\u00e9 tr\u00e8s r\u00e9volt\u00e9 contre les op\u00e9rations de d\u00e9guerpissement en cours sur le site du centre directionnel de Koloma.<\/strong><\/p>\n<p>Pour lui, c\u2019est un combat contre son parti, l\u2019Union des Forces D\u00e9mocratiques de Guin\u00e9e et ses militants. \u00ab C\u2019est parce qu\u2019on sait que Ratoma, c\u2019est le fief de l\u2019UFDG et on sait qu\u2019il y a une communaut\u00e9 qu\u2019il d\u00e9teste qui habite l\u00e0-bas. On aurait pu obtenir le r\u00e9sultat si c\u2019est le d\u00e9guerpissement pour cause d\u2019utilit\u00e9 publique.<\/p>\n<p>On aurait d\u00fb prendre des dispositions parce que c\u2019est des fils du pays. On aurait pu n\u00e9gocier, trouver quelque chose, les recaser dans les domaines m\u00eame loin de Conakry, trouver un montant symbolique ou forfaitaire pour eux. C\u2019est Alpha Cond\u00e9 qui peut faire \u00e7a \u00bb, a dit l&rsquo;opposant .<\/p>\n<p><em>\u00a0<\/em><\/p>\n<p><em>\u00ab\u00a0<\/em><em style=\"font-weight: inherit;\">L\u2019Etat a humili\u00e9 les citoyens, il a d\u00e9truit les maisons. Alors que s\u2019il y a des calamit\u00e9s, c\u2019est l\u2019Etat qui doit venir en aide aux citoyens. Mais ici, c\u2019est Alpha Cond\u00e9 qui d\u00e9truit les maisons, parce qu\u2019il pense que ce sont les militants de l\u2019UFDG, qui y habitent (\u2026), m\u00eame une arm\u00e9e d\u2019occupation ne peut pas faire ainsi<\/em><em>\u00a0\u00bb,<\/em> s\u2019est insurg\u00e9 le leader du principal parti d\u2019opposition sur un ton col\u00e9rique.<\/p>\n<p>Dans son discours, le pr\u00e9sident de l\u2019UFDG, s\u2019est dit solidaire des personnes d\u00e9plac\u00e9es avant de lancer un appel \u00e0 la mobilisation.<\/p>\n<p><em>\u00ab\u00a0<\/em><em style=\"font-weight: inherit;\">Je renouvelle la solidarit\u00e9 du parti aux victimes. L\u2019Etat aurait d\u00fb prendre des dispositions. Restons mobilis\u00e9s pour nous d\u00e9barrasser de ces hommes sans foi, ni loi (\u2026) J\u2019ai toujours dit qu\u2019Alpha Cond\u00e9 n\u2019est pas \u00e0 la hauteur de la fonction pr\u00e9sidentielle<\/em><em>\u00a0\u00bb,<\/em> a martel\u00e9 le chef de file de l\u2019opposition guin\u00e9enne.<\/p>\n<p>Le principal opposant au r\u00e9gime d\u2019Alpha Cond\u00e9 en a profit\u00e9 pour souhaiter bonne f\u00eate aux femmes de Guin\u00e9e.<\/p>\n<p>Cellou Dalein Diallo, a particuli\u00e8rement f\u00e9licit\u00e9 les femmes de l\u2019UFDG, qui ont brandi des pancartes hostiles \u00e0 un troisi\u00e8me mandat lors de la c\u00e9l\u00e9bration de la journ\u00e9e internationale des droits des femmes, vendredi, sur l\u2019esplanade du palais du peuple.<\/p>\n<p><strong>Une Synth\u00e8se de <\/strong><\/p>\n<p><strong>Cherif Djiba Sano<\/strong><\/p>\n","protected":false},"excerpt":{"rendered":"<p>A l\u2019occasion de l\u2019assembl\u00e9e g\u00e9n\u00e9rale hebdomadaire de l\u2019Union des Forces D\u00e9mocratiques de Guin\u00e9e (UFDG), le samedi 09 mars 2019, \u00e0 la Mini\u00e8re, Cellou Dalein Diallo, s\u2019est montr\u00e9 tr\u00e8s r\u00e9volt\u00e9 contre les op\u00e9rations de d\u00e9guerpissement en cours sur le site du centre directionnel de Koloma. Pour lui, c\u2019est un combat contre son parti, l\u2019Union des Forces [&hellip;]<\/p>\n","protected":false},"author":2,"featured_media":3247,"comment_status":"open","ping_status":"closed","sticky":false,"template":"","format":"standard","meta":{"buzzeditor_post_format":"","footnotes":""},"categories":[42,1],"tags":[],"class_list":["post-3246","post","type-post","status-publish","format-standard","has-post-thumbnail","hentry","category-news","category-non-classe"],"jetpack_featured_media_url":"https:\/\/guineechrono.com\/wp-content\/uploads\/2019\/03\/Cellou-360x180.jpeg","amp_enabled":true,"_links":{"self":[{"href":"https:\/\/guineechrono.com\/index.php\/wp-json\/wp\/v2\/posts\/3246","targetHints":{"allow":["GET"]}}],"collection":[{"href":"https:\/\/guineechrono.com\/index.php\/wp-json\/wp\/v2\/posts"}],"about":[{"href":"https:\/\/guineechrono.com\/index.php\/wp-json\/wp\/v2\/types\/post"}],"author":[{"embeddable":true,"href":"https:\/\/guineechrono.com\/index.php\/wp-json\/wp\/v2\/users\/2"}],"replies":[{"embeddable":true,"href":"https:\/\/guineechrono.com\/index.php\/wp-json\/wp\/v2\/comments?post=3246"}],"version-history":[{"count":0,"href":"https:\/\/guineechrono.com\/index.php\/wp-json\/wp\/v2\/posts\/3246\/revisions"}],"wp:featuredmedia":[{"embeddable":true,"href":"https:\/\/guineechrono.com\/index.php\/wp-json\/wp\/v2\/media\/3247"}],"wp:attachment":[{"href":"https:\/\/guineechrono.com\/index.php\/wp-json\/wp\/v2\/media?parent=3246"}],"wp:term":[{"taxonomy":"category","embeddable":true,"href":"https:\/\/guineechrono.com\/index.php\/wp-json\/wp\/v2\/categories?post=3246"},{"taxonomy":"post_tag","embeddable":true,"href":"https:\/\/guineechrono.com\/index.php\/wp-json\/wp\/v2\/tags?post=3246"}],"curies":[{"name":"wp","href":"https:\/\/api.w.org\/{rel}","templated":true}]}}