{"id":32623,"date":"2024-02-24T16:40:30","date_gmt":"2024-02-24T15:40:30","guid":{"rendered":"https:\/\/guineechrono.com\/?p=32623"},"modified":"2024-02-24T16:40:30","modified_gmt":"2024-02-24T15:40:30","slug":"conakry-mois-de-femmes-bientot-la-3eme-edition-du-salon-de-lentrepreneuriat-feminin-de-guinee-et-des-feminia-dor","status":"publish","type":"post","link":"https:\/\/guineechrono.com\/index.php\/conakry-mois-de-femmes-bientot-la-3eme-edition-du-salon-de-lentrepreneuriat-feminin-de-guinee-et-des-feminia-dor\/","title":{"rendered":"Conakry\/Mois de femmes : bient\u00f4t la  3\u00e8me \u00e9dition du salon de l&rsquo;entrepreneuriat f\u00e9minin de Guin\u00e9e et des \u2018\u2019feminia d&rsquo;or\u2019\u2019"},"content":{"rendered":"<p><strong>La 3\u00e8me \u00e9dition du salon de l&rsquo;entrepreneuriat f\u00e9minin de Guin\u00e9e et des feminia d&rsquo;or est pr\u00e9vue le Samedi, 02 mars 2024 \u00e0 l\u2019h\u00f4tel Palm Camayenne. L\u2019annonce a \u00e9t\u00e9 faite ce samedi, 24 f\u00e9vrier 2024 par les organisateurs \u00e0 travers un point de presse anim\u00e9 \u00e0 Conakry. <\/strong><\/p>\n<p>Tout d\u2019abord, Aissata Diakit\u00e9, commissaire g\u00e9n\u00e9rale de l\u2019\u00e9v\u00e8nement est revenue sur l\u2019historique \u00a0de la structure organisatrice.<\/p>\n<p>Selon elle, <strong>Guin\u00e9e entrepreneur<\/strong>, est une filiale du groupe COPE-Guin\u00e9e qui existe depuis plus de 15 ans \u00e9voluant dans plusieurs domaines et d\u00e9tenteurs de plusieurs concepts, notamment\u00a0: les Guinea Best Company\u00a0 Awards. \u00ab\u00a0Nous sommes \u00e9galement d\u00e9tenteurs du salon international de la finance des banque et assurance appel\u00e9 \u2018\u2019SIFIMBAM\u2019\u2019 ou encore du \u2018\u2019FONAP\u2019\u2019\u00a0\u00bb.<\/p>\n<p>Dans la m\u00eame lanc\u00e9e, elle a rappel\u00e9 que le salon de l&rsquo;entrepreneurial f\u00e9minin de Guin\u00e9e a vu le jour en 2022 dans l&rsquo;optique de promouvoir le leadership f\u00e9minin en cr\u00e9ant un espace d&rsquo;\u00e9change de promotion de valorisation du savoir-faire f\u00e9minin \u00e0 travers une cons\u00e9cration une reconnaissance appel\u00e9e \u2018\u2019Feminia d&rsquo;Or\u2019\u2019.<\/p>\n<p>Elle a aussi pr\u00e9cis\u00e9 que ce salon\u00a0est exclusivement d\u00e9di\u00e9 \u00e0 la junte f\u00e9minine et c\u2019est une premi\u00e8re en R\u00e9publique de Guin\u00e9e depuis 2022. \u00ab\u00a0Il \u00e9tait devenu leader des \u00e9v\u00e9nements consacr\u00e9s au mois de la femme\u00a0\u00bb, a-t-elle ajout\u00e9.<\/p>\n<p>Cet \u00e9v\u00e8nement commencera par une c\u00e9r\u00e9monie de lancement officielle suivi de la visite des stands, ensuite les panels sur des th\u00e8mes traitants la probl\u00e9matique de l&rsquo;entrepreunariat f\u00e9minin, d\u00e9fis, acquis et perspective de financement d\u2019un r\u00e9seautage.<\/p>\n<p>Cette 3<sup>\u00e8me<\/sup> \u00e9dition sera cl\u00f4tur\u00e9e par un d\u00eener gala appel\u00e9 les \u2018\u2019feminia d&rsquo;or\u2019\u2019, \u00a0qui prime des femmes leaders du secteur public ou priv\u00e9 dans leur domaine d&rsquo;activit\u00e9.<\/p>\n<p>Les crit\u00e8res qui permettrons \u00e0 ces femmes d\u2019\u00eatre sur la liste des nomin\u00e9es sont\u00a0: l&rsquo;impact de votre activit\u00e9 sur la vie socio\u00e9conomique du pays\u00a0;\u00a0l&rsquo;innovation dans votre \u00a0secteur\u00a0;\u00a0 la notori\u00e9t\u00e9\u00a0; \u00a0le d\u00e9veloppement durable\u00a0; et la Responsabilit\u00e9 soci\u00e9tale de l&rsquo;entreprise ou de l&rsquo;entrepreneur.<\/p>\n<p>Pour sa part, Dr Yansan\u00e9 Fanfan Tour\u00e9, Marraine de l\u2019\u00e9v\u00e8nement se dit pr\u00eate \u00e0 accompagner les organisateurs. \u00ab\u00a0Je suis vraiment de c\u0153ur avec eux, je les accompagnerai et je vais leur dire que nous sommes ensemble, parce qu\u2019ils sont dans un domaine qui m\u2019int\u00e9resse, l\u2019autonomisation de la femme, l\u2019entreprenariat f\u00e9minin et comment booster les jeunes filles. Nous avons eu l\u2019occasion de former quelques femmes d\u2019intervenir dans certains panels au d\u00e9but et aujourd\u2019hui ils sont dans leur troisi\u00e8me \u00e9dition\u00a0\u00bb.<\/p>\n<p><a href=\"https:\/\/guineechrono.com\/wp-content\/uploads\/2024\/02\/paul1.jpg\"><img decoding=\"async\" class=\"alignnone size-medium wp-image-32625\" src=\"https:\/\/guineechrono.com\/wp-content\/uploads\/2024\/02\/paul1-300x135.jpg\" alt=\"\" width=\"300\" height=\"135\" srcset=\"https:\/\/guineechrono.com\/wp-content\/uploads\/2024\/02\/paul1-300x135.jpg 300w, https:\/\/guineechrono.com\/wp-content\/uploads\/2024\/02\/paul1-768x346.jpg 768w, https:\/\/guineechrono.com\/wp-content\/uploads\/2024\/02\/paul1-696x313.jpg 696w, https:\/\/guineechrono.com\/wp-content\/uploads\/2024\/02\/paul1-933x420.jpg 933w, https:\/\/guineechrono.com\/wp-content\/uploads\/2024\/02\/paul1.jpg 1020w\" sizes=\"(max-width: 300px) 100vw, 300px\" \/><\/a><\/p>\n<p>De son c\u00f4t\u00e9, Monsieur Paul Kamano, coordinateur g\u00e9n\u00e9ral de COPE Guin\u00e9e Think Thank\u00a0 a rassur\u00e9 que 1000 jeunes filles dont l\u2019\u00e2ge varie entre 18 et 35 ans seront form\u00e9es sur l\u2019entreprenariat f\u00e9minin au cours de cette 3<sup>\u00e8me<\/sup> \u00e9dition.<\/p>\n<p><strong>Pastoria Camara <\/strong><\/p>\n<p>&nbsp;<\/p>\n<p>&nbsp;<\/p>\n<p>&nbsp;<\/p>\n","protected":false},"excerpt":{"rendered":"<p>La 3\u00e8me \u00e9dition du salon de l&rsquo;entrepreneuriat f\u00e9minin de Guin\u00e9e et des feminia d&rsquo;or est pr\u00e9vue le Samedi, 02 mars 2024 \u00e0 l\u2019h\u00f4tel Palm Camayenne. L\u2019annonce a \u00e9t\u00e9 faite ce samedi, 24 f\u00e9vrier 2024 par les organisateurs \u00e0 travers un point de presse anim\u00e9 \u00e0 Conakry. Tout d\u2019abord, Aissata Diakit\u00e9, commissaire g\u00e9n\u00e9rale de l\u2019\u00e9v\u00e8nement est [&hellip;]<\/p>\n","protected":false},"author":2,"featured_media":32624,"comment_status":"open","ping_status":"closed","sticky":false,"template":"","format":"standard","meta":{"buzzeditor_post_format":"","footnotes":""},"categories":[46],"tags":[],"class_list":["post-32623","post","type-post","status-publish","format-standard","has-post-thumbnail","hentry","category-societe"],"jetpack_featured_media_url":"https:\/\/guineechrono.com\/wp-content\/uploads\/2024\/02\/paul.jpg","amp_enabled":true,"_links":{"self":[{"href":"https:\/\/guineechrono.com\/index.php\/wp-json\/wp\/v2\/posts\/32623","targetHints":{"allow":["GET"]}}],"collection":[{"href":"https:\/\/guineechrono.com\/index.php\/wp-json\/wp\/v2\/posts"}],"about":[{"href":"https:\/\/guineechrono.com\/index.php\/wp-json\/wp\/v2\/types\/post"}],"author":[{"embeddable":true,"href":"https:\/\/guineechrono.com\/index.php\/wp-json\/wp\/v2\/users\/2"}],"replies":[{"embeddable":true,"href":"https:\/\/guineechrono.com\/index.php\/wp-json\/wp\/v2\/comments?post=32623"}],"version-history":[{"count":0,"href":"https:\/\/guineechrono.com\/index.php\/wp-json\/wp\/v2\/posts\/32623\/revisions"}],"wp:featuredmedia":[{"embeddable":true,"href":"https:\/\/guineechrono.com\/index.php\/wp-json\/wp\/v2\/media\/32624"}],"wp:attachment":[{"href":"https:\/\/guineechrono.com\/index.php\/wp-json\/wp\/v2\/media?parent=32623"}],"wp:term":[{"taxonomy":"category","embeddable":true,"href":"https:\/\/guineechrono.com\/index.php\/wp-json\/wp\/v2\/categories?post=32623"},{"taxonomy":"post_tag","embeddable":true,"href":"https:\/\/guineechrono.com\/index.php\/wp-json\/wp\/v2\/tags?post=32623"}],"curies":[{"name":"wp","href":"https:\/\/api.w.org\/{rel}","templated":true}]}}