{"id":3264,"date":"2019-03-11T16:12:05","date_gmt":"2019-03-11T15:12:05","guid":{"rendered":"http:\/\/guineechrono.com\/?p=3264"},"modified":"2020-05-19T16:34:42","modified_gmt":"2020-05-19T15:34:42","slug":"algerie-larmee-declare-partager-la-meme-vision-que-le-peuple","status":"publish","type":"post","link":"https:\/\/guineechrono.com\/index.php\/algerie-larmee-declare-partager-la-meme-vision-que-le-peuple\/","title":{"rendered":"Alg\u00e9rie: l\u2019arm\u00e9e d\u00e9clare partager la m\u00eame vision que le peuple"},"content":{"rendered":"<p><strong>En Alg\u00e9rie, l\u2019arm\u00e9e a fait de nouvelles d\u00e9clarations, dimanche 10 mars 2019. Dans un discours face aux \u00e9l\u00e8ves officiers, le chef d\u2019\u00e9tat-major a affirm\u00e9 que le peuple et l\u2019arm\u00e9e partageaient la m\u00eame vision du futur du pays.<\/strong><\/p>\n<p>C\u2019est un message au ton diff\u00e9rent de ceux des deux derni\u00e8res semaines. Le chef d\u2019\u00e9tat-major, Ahmed Ga\u00efd Salah, a d\u00e9clar\u00e9 ce dimanche 10 mars que l\u2019arm\u00e9e et le peuple alg\u00e9rien partageaient les m\u00eames valeurs et principes, et\u00a0<a href=\"http:\/\/www.rfi.fr\/france\/20190311-algeriens-france-manifestent-contre-abdelaziz-bouteflika\">qu\u2019ils avaient une vision commune du futur du pays.<\/a><\/p>\n<p>Dans des messages pr\u00e9c\u00e9dents, ce proche\u00a0\u00a0\u00e2g\u00e9 de 79 ans, avait d\u00e9plor\u00e9 que certains veuillent ramener l\u2019Alg\u00e9rie aux ann\u00e9es de braise, c\u2019est-\u00e0 dire \u00e0 la p\u00e9riode de terrorisme. Il avait aussi fustig\u00e9 des \u00ab\u00a0<em>appels anonymes douteux<\/em>\u00a0\u00bb qui allaient \u00ab\u00a0<em>pousser les Alg\u00e9riens vers l\u2019inconnu<\/em>\u00a0\u00bb.<\/p>\n<p>Des appels ont \u00e9t\u00e9 lanc\u00e9s \u00e0 l\u2019arm\u00e9e pour qu\u2019elle intervienne dans la situation politique et qu\u2019elle refuse le cinqui\u00e8me mandat. Mais, jusqu\u2019\u00e0 pr\u00e9sent, Ahmed Ga\u00efd Salah a toujours rejet\u00e9 tout appel \u00e0 intervenir. Ce matin, ce message du chef d\u2019\u00e9tat-major fait la Une du quotidien arabophone<em>\u00a0El-Khabar<\/em>, qui estime que c\u2019est bien une fa\u00e7on d\u00e9tourn\u00e9e pour l\u2019arm\u00e9e de soutenir le peuple qui manifeste de fa\u00e7on in\u00e9dite contre un cinqui\u00e8me mandat du pr\u00e9sident Bouteflika et pour un changement de syst\u00e8me politique.<\/p>\n<p><strong>rfi<\/strong><\/p>\n","protected":false},"excerpt":{"rendered":"<p>En Alg\u00e9rie, l\u2019arm\u00e9e a fait de nouvelles d\u00e9clarations, dimanche 10 mars 2019. Dans un discours face aux \u00e9l\u00e8ves officiers, le chef d\u2019\u00e9tat-major a affirm\u00e9 que le peuple et l\u2019arm\u00e9e partageaient la m\u00eame vision du futur du pays. C\u2019est un message au ton diff\u00e9rent de ceux des deux derni\u00e8res semaines. Le chef d\u2019\u00e9tat-major, Ahmed Ga\u00efd Salah, [&hellip;]<\/p>\n","protected":false},"author":2,"featured_media":3265,"comment_status":"open","ping_status":"closed","sticky":false,"template":"","format":"standard","meta":{"buzzeditor_post_format":"","footnotes":""},"categories":[1,43],"tags":[],"class_list":["post-3264","post","type-post","status-publish","format-standard","has-post-thumbnail","hentry","category-non-classe","category-politique"],"jetpack_featured_media_url":"https:\/\/guineechrono.com\/wp-content\/uploads\/2019\/03\/algerie.jpg","amp_enabled":true,"_links":{"self":[{"href":"https:\/\/guineechrono.com\/index.php\/wp-json\/wp\/v2\/posts\/3264","targetHints":{"allow":["GET"]}}],"collection":[{"href":"https:\/\/guineechrono.com\/index.php\/wp-json\/wp\/v2\/posts"}],"about":[{"href":"https:\/\/guineechrono.com\/index.php\/wp-json\/wp\/v2\/types\/post"}],"author":[{"embeddable":true,"href":"https:\/\/guineechrono.com\/index.php\/wp-json\/wp\/v2\/users\/2"}],"replies":[{"embeddable":true,"href":"https:\/\/guineechrono.com\/index.php\/wp-json\/wp\/v2\/comments?post=3264"}],"version-history":[{"count":0,"href":"https:\/\/guineechrono.com\/index.php\/wp-json\/wp\/v2\/posts\/3264\/revisions"}],"wp:featuredmedia":[{"embeddable":true,"href":"https:\/\/guineechrono.com\/index.php\/wp-json\/wp\/v2\/media\/3265"}],"wp:attachment":[{"href":"https:\/\/guineechrono.com\/index.php\/wp-json\/wp\/v2\/media?parent=3264"}],"wp:term":[{"taxonomy":"category","embeddable":true,"href":"https:\/\/guineechrono.com\/index.php\/wp-json\/wp\/v2\/categories?post=3264"},{"taxonomy":"post_tag","embeddable":true,"href":"https:\/\/guineechrono.com\/index.php\/wp-json\/wp\/v2\/tags?post=3264"}],"curies":[{"name":"wp","href":"https:\/\/api.w.org\/{rel}","templated":true}]}}