{"id":32690,"date":"2024-03-04T18:45:17","date_gmt":"2024-03-04T17:45:17","guid":{"rendered":"https:\/\/guineechrono.com\/?p=32690"},"modified":"2024-03-05T13:44:40","modified_gmt":"2024-03-05T12:44:40","slug":"virginie-toure-au-salon-du-feminia-2023-le-general-mamadi-doumbouya-a-cree-faaff-pour-soutenir-toutes-les-femmes-entrepreneures-de-guinee","status":"publish","type":"post","link":"https:\/\/guineechrono.com\/index.php\/virginie-toure-au-salon-du-feminia-2023-le-general-mamadi-doumbouya-a-cree-faaff-pour-soutenir-toutes-les-femmes-entrepreneures-de-guinee\/","title":{"rendered":"Virginie Tour\u00e9 au salon de l&rsquo;entrepreneuriat f\u00e9minin de Guin\u00e9e : \u00ab Le G\u00e9n\u00e9ral Mamadi Doumbouya a cr\u00e9\u00e9  FAAEFF pour soutenir toutes les femmes entrepreneures de Guin\u00e9e \u00bb"},"content":{"rendered":"<p><strong>La troisi\u00e8me \u00e9dition du salon de l\u2019entreprenariat f\u00e9minin de guin\u00e9e (FEMINIA 2024) s\u2019est tenue\u00a0 le samedi 2 mars 2024 \u00e0 l\u2019h\u00f4tel palme Camayenne en pr\u00e9sence de plusieurs femmes entrepreneures de Guin\u00e9e.<\/strong><\/p>\n<p>Pr\u00e9sente \u00e0 cette rencontre qui a regroup\u00e9e des centaines de femmes entrepreneures du pays, la directrice du fonds d\u2019appui aux activit\u00e9s Economiques des femmes et filles (FAAEFF) a magnifi\u00e9 la volont\u00e9 du pr\u00e9sident de la transition d\u2019accompagner les femmes en cr\u00e9ant cette direction.<\/p>\n<p>Selon madame Virginie Tour\u00e9 le pr\u00e9sident Mamadi Doumbouya a cr\u00e9\u00e9 le FAAEFF pour soutenir toutes les femmes entrepreneures de Guin\u00e9e sans aucune distinction. \u00ab Nous sommes l\u00e0 pour vous accompagner \u00a0dans la r\u00e9alisation de vos projets et faire de vous des vraies femmes leaders \u00bb, dit-elle.<\/p>\n<figure id=\"attachment_32692\" aria-describedby=\"caption-attachment-32692\" style=\"width: 300px\" class=\"wp-caption alignnone\"><a href=\"https:\/\/guineechrono.com\/wp-content\/uploads\/2024\/03\/fanfan2-1-scaled.jpg\"><img fetchpriority=\"high\" decoding=\"async\" class=\"size-medium wp-image-32692\" src=\"https:\/\/guineechrono.com\/wp-content\/uploads\/2024\/03\/fanfan2-1-300x225.jpg\" alt=\"\" width=\"300\" height=\"225\" srcset=\"https:\/\/guineechrono.com\/wp-content\/uploads\/2024\/03\/fanfan2-1-300x225.jpg 300w, https:\/\/guineechrono.com\/wp-content\/uploads\/2024\/03\/fanfan2-1-1024x768.jpg 1024w, https:\/\/guineechrono.com\/wp-content\/uploads\/2024\/03\/fanfan2-1-768x576.jpg 768w, https:\/\/guineechrono.com\/wp-content\/uploads\/2024\/03\/fanfan2-1-1536x1152.jpg 1536w, https:\/\/guineechrono.com\/wp-content\/uploads\/2024\/03\/fanfan2-1-2048x1536.jpg 2048w, https:\/\/guineechrono.com\/wp-content\/uploads\/2024\/03\/fanfan2-1-80x60.jpg 80w, https:\/\/guineechrono.com\/wp-content\/uploads\/2024\/03\/fanfan2-1-265x198.jpg 265w, https:\/\/guineechrono.com\/wp-content\/uploads\/2024\/03\/fanfan2-1-696x522.jpg 696w, https:\/\/guineechrono.com\/wp-content\/uploads\/2024\/03\/fanfan2-1-1068x801.jpg 1068w, https:\/\/guineechrono.com\/wp-content\/uploads\/2024\/03\/fanfan2-1-560x420.jpg 560w, https:\/\/guineechrono.com\/wp-content\/uploads\/2024\/03\/fanfan2-1-1920x1440.jpg 1920w\" sizes=\"(max-width: 300px) 100vw, 300px\" \/><\/a><figcaption id=\"caption-attachment-32692\" class=\"wp-caption-text\">Exif_JPEG_420<\/figcaption><\/figure>\n<p>Dans la m\u00eame dynamique, elle a notifi\u00e9 sa pr\u00e9sence \u00e0 ce salon. \u00ab Le \u00a0FAAEFF s\u2019est associ\u00e9 au Feminia 2023 pour que nous puissions donner l\u2019opportunit\u00e9 \u00e0 quelques femmes entrepreneures qui font des choses au niveau de la cosm\u00e9tique, au niveau de l\u2019art et au niveau \u00e9galement de la transformation alimentaire.<\/p>\n<p>Pour finir, elle a invit\u00e9 \u00e0 l\u2019assistance de ne baisser les bras, car selon, seul travail paye. \u00ab\u00a0Je ne peux vous encourager \u00e0 redoubler d\u2019effort, \u00e0 ne pas baisser les mains, parce que seul le courage paye\u00a0\u00bb, pr\u00e9cise Madame Virginie Tour\u00e9.<\/p>\n<p><strong>Pastoria Camara<\/strong><\/p>\n<p><strong>00\u00a0224\u00a0628 08 45 86 <\/strong><\/p>\n<p>&nbsp;<\/p>\n","protected":false},"excerpt":{"rendered":"<p>La troisi\u00e8me \u00e9dition du salon de l\u2019entreprenariat f\u00e9minin de guin\u00e9e (FEMINIA 2024) s\u2019est tenue\u00a0 le samedi 2 mars 2024 \u00e0 l\u2019h\u00f4tel palme Camayenne en pr\u00e9sence de plusieurs femmes entrepreneures de Guin\u00e9e. Pr\u00e9sente \u00e0 cette rencontre qui a regroup\u00e9e des centaines de femmes entrepreneures du pays, la directrice du fonds d\u2019appui aux activit\u00e9s Economiques des femmes [&hellip;]<\/p>\n","protected":false},"author":2,"featured_media":32691,"comment_status":"open","ping_status":"closed","sticky":false,"template":"","format":"standard","meta":{"buzzeditor_post_format":"","footnotes":""},"categories":[42],"tags":[],"class_list":["post-32690","post","type-post","status-publish","format-standard","has-post-thumbnail","hentry","category-news"],"jetpack_featured_media_url":"https:\/\/guineechrono.com\/wp-content\/uploads\/2024\/03\/virginie-1-scaled.jpg","amp_enabled":true,"_links":{"self":[{"href":"https:\/\/guineechrono.com\/index.php\/wp-json\/wp\/v2\/posts\/32690","targetHints":{"allow":["GET"]}}],"collection":[{"href":"https:\/\/guineechrono.com\/index.php\/wp-json\/wp\/v2\/posts"}],"about":[{"href":"https:\/\/guineechrono.com\/index.php\/wp-json\/wp\/v2\/types\/post"}],"author":[{"embeddable":true,"href":"https:\/\/guineechrono.com\/index.php\/wp-json\/wp\/v2\/users\/2"}],"replies":[{"embeddable":true,"href":"https:\/\/guineechrono.com\/index.php\/wp-json\/wp\/v2\/comments?post=32690"}],"version-history":[{"count":0,"href":"https:\/\/guineechrono.com\/index.php\/wp-json\/wp\/v2\/posts\/32690\/revisions"}],"wp:featuredmedia":[{"embeddable":true,"href":"https:\/\/guineechrono.com\/index.php\/wp-json\/wp\/v2\/media\/32691"}],"wp:attachment":[{"href":"https:\/\/guineechrono.com\/index.php\/wp-json\/wp\/v2\/media?parent=32690"}],"wp:term":[{"taxonomy":"category","embeddable":true,"href":"https:\/\/guineechrono.com\/index.php\/wp-json\/wp\/v2\/categories?post=32690"},{"taxonomy":"post_tag","embeddable":true,"href":"https:\/\/guineechrono.com\/index.php\/wp-json\/wp\/v2\/tags?post=32690"}],"curies":[{"name":"wp","href":"https:\/\/api.w.org\/{rel}","templated":true}]}}