{"id":32708,"date":"2024-03-07T15:00:52","date_gmt":"2024-03-07T14:00:52","guid":{"rendered":"https:\/\/guineechrono.com\/?p=32708"},"modified":"2024-03-08T10:59:11","modified_gmt":"2024-03-08T09:59:11","slug":"entrepreneuriat-feminin-le-faaeff-offre-un-cheque-de-333-millions-de-francs-guineens-aux-femmes-sinistrees-de-kaloum","status":"publish","type":"post","link":"https:\/\/guineechrono.com\/index.php\/entrepreneuriat-feminin-le-faaeff-offre-un-cheque-de-333-millions-de-francs-guineens-aux-femmes-sinistrees-de-kaloum\/","title":{"rendered":"Entrepreneuriat f\u00e9minin : le FAAEFF offre  un ch\u00e8que de 333 millions de francs guin\u00e9ens aux femmes entrepreuneures sinistr\u00e9es de Kaloum"},"content":{"rendered":"<p><strong>Pr\u00e8s de quatre mois apr\u00e8s l\u2019incendie du d\u00e9p\u00f4t central d\u2019hydrocarbure de Coronthie, le minist\u00e8re de la promotion\u00a0 f\u00e9minine de l\u2019enfance \u00a0et des personnes vuln\u00e9rables \u00e0 travers le Fonds d\u2019Appui aux Activit\u00e9s Economiques des Femmes et Filles (FAAEFF) a offert un ch\u00e8que de 333 millions de francs guin\u00e9ens aux femmes sinistr\u00e9es de Kaloum pour le projet\u00a0 WONTANARA.<\/strong><\/p>\n<p>La c\u00e9r\u00e9monie de remise a eu lieu le mercredi 6 mars 2024 au minist\u00e8re de la promotion\u00a0 f\u00e9minine de l\u2019enfance \u00a0et des personnes vuln\u00e9rables<\/p>\n<p><a href=\"https:\/\/guineechrono.com\/wp-content\/uploads\/2024\/03\/FAAEFF2.jpg\"><img fetchpriority=\"high\" decoding=\"async\" class=\"alignnone size-medium wp-image-32717\" src=\"https:\/\/guineechrono.com\/wp-content\/uploads\/2024\/03\/FAAEFF2-300x200.jpg\" alt=\"\" width=\"300\" height=\"200\" srcset=\"https:\/\/guineechrono.com\/wp-content\/uploads\/2024\/03\/FAAEFF2-300x200.jpg 300w, https:\/\/guineechrono.com\/wp-content\/uploads\/2024\/03\/FAAEFF2-1024x684.jpg 1024w, https:\/\/guineechrono.com\/wp-content\/uploads\/2024\/03\/FAAEFF2-768x513.jpg 768w, https:\/\/guineechrono.com\/wp-content\/uploads\/2024\/03\/FAAEFF2-1536x1025.jpg 1536w, https:\/\/guineechrono.com\/wp-content\/uploads\/2024\/03\/FAAEFF2-696x465.jpg 696w, https:\/\/guineechrono.com\/wp-content\/uploads\/2024\/03\/FAAEFF2-1068x713.jpg 1068w, https:\/\/guineechrono.com\/wp-content\/uploads\/2024\/03\/FAAEFF2-629x420.jpg 629w, https:\/\/guineechrono.com\/wp-content\/uploads\/2024\/03\/FAAEFF2.jpg 1600w\" sizes=\"(max-width: 300px) 100vw, 300px\" \/><\/a><\/p>\n<p>Selon Madame Virginie Tour\u00e9, directrice g\u00e9n\u00e9rale du FAAEFF, c\u2019est dans le cadre \u00a0d\u2019accompagner ces femmes sinistr\u00e9es afin qu\u2019elles puissent se relever apr\u00e8s ce drame qui a caus\u00e9 des pertes en vie humaines mais \u00e9galement des d\u00e9g\u00e2ts mat\u00e9riels tr\u00e8s importants dans les quartiers Tombo Coronthie et Almamya.<\/p>\n<p>\u00ab\u00a0Le minist\u00e8re de la promotion f\u00e9minine de l\u2019enfance et des personnes vuln\u00e9rables a jug\u00e9 n\u00e9cessaire \u00e0 travers le FAAEFF de consolider votre volont\u00e9 d\u2019entreprendre et de vous doter d\u2019un fonds pour la relance des activit\u00e9s impact\u00e9es n\u00e9gativement par cet \u00e9v\u00e8nement\u00a0\u00bb.<\/p>\n<p>Poursuivant son intervention, la directrice du FAAEFF a indiqu\u00e9 que ces femmes ont \u00e9t\u00e9 form\u00e9es en entreprenariat \u00a0avant de leur octroyer ce montant.<\/p>\n<p>\u00ab\u00a0Durant six jours, du 26 f\u00e9vrier au 6 mars 2024 vous avez accept\u00e9 de suivre une formation vous permettant de consolider votre pratique et de mieux g\u00e9rer le fonds qui vous seront mis \u00e0 votre disposition, mais aussi nous nous sommes engag\u00e9s \u00e0 formaliser vos pratiques \u00e9conomiques\u00a0\u00bb.<\/p>\n<p>Pour madame la directrice du FAAEFF, cette c\u00e9r\u00e9monie de remise de ch\u00e8que repr\u00e9sente pour eux un moment privil\u00e9gier qui c\u00e9l\u00e8bre le courage de ces femmes. \u00ab\u00a0C\u2019est aussi un t\u00e9moignage de votre engagement et de votre force pour la r\u00e9alisation de vos r\u00eaves\u00a0\u00bb.<\/p>\n<p><a href=\"https:\/\/guineechrono.com\/wp-content\/uploads\/2024\/03\/FAAEFF1.jpg\"><img decoding=\"async\" class=\"alignnone size-medium wp-image-32719\" src=\"https:\/\/guineechrono.com\/wp-content\/uploads\/2024\/03\/FAAEFF1-300x200.jpg\" alt=\"\" width=\"300\" height=\"200\" srcset=\"https:\/\/guineechrono.com\/wp-content\/uploads\/2024\/03\/FAAEFF1-300x200.jpg 300w, https:\/\/guineechrono.com\/wp-content\/uploads\/2024\/03\/FAAEFF1-1024x684.jpg 1024w, https:\/\/guineechrono.com\/wp-content\/uploads\/2024\/03\/FAAEFF1-768x513.jpg 768w, https:\/\/guineechrono.com\/wp-content\/uploads\/2024\/03\/FAAEFF1-1536x1025.jpg 1536w, https:\/\/guineechrono.com\/wp-content\/uploads\/2024\/03\/FAAEFF1-696x465.jpg 696w, https:\/\/guineechrono.com\/wp-content\/uploads\/2024\/03\/FAAEFF1-1068x713.jpg 1068w, https:\/\/guineechrono.com\/wp-content\/uploads\/2024\/03\/FAAEFF1-629x420.jpg 629w, https:\/\/guineechrono.com\/wp-content\/uploads\/2024\/03\/FAAEFF1.jpg 1600w\" sizes=\"(max-width: 300px) 100vw, 300px\" \/><\/a><\/p>\n<p>Pour terminer, Madame Virginie Tour\u00e9 a ajout\u00e9 ceci\u00a0: \u00a0\u00ab\u00a0Le minist\u00e8re de la promotion f\u00e9minine de l\u2019enfance et des personnes vuln\u00e9rables \u00e0 travers le FAAEFF est fier d\u2019avoir pu vous accompagner chacune d\u2019entre vous dans son parcours de reconstruction \u00e9conomique et mettant avoir des dispositions des ressource n\u00e9cessaires en partenariat avec la microfinance, cr\u00e9dit rural de guin\u00e9e afin de relancer vos \u00e9conomiques\u00a0\u00bb.<\/p>\n<p>De son c\u00f4t\u00e9, Madame le Gouverneur de la ville de Conakry au nom du pr\u00e9sident de la transition, G\u00e9n\u00e9ral Mamadi Doumbouya a remerci\u00e9 et encourag\u00e9 ces femmes sinistr\u00e9es de Kaloum. \u00ab Je suis venue au nom du pr\u00e9sident de la transition, le G\u00e9n\u00e9ral Mamadi Doumbouya \u00a0de remercier les femmes sinistr\u00e9es de Kaloum pour leur courage et leur \u00a0patriotisme.<\/p>\n<p>D\u2019habitude quand Le mois de femmes arrive, le gouvernement accompagnait toutes les femmes de Guin\u00e9e, \u00a0mais pour cette ann\u00e9e, \u00a0le gouvernement a d\u00e9cid\u00e9 particuli\u00e8rement d\u2019accompagner les femmes sinistr\u00e9es de Coronthie, de Tombo et d\u2019Almamya\u00a0\u00bb.<\/p>\n<p>Pour cl\u00f4turer son discours, le gouverneur de la ville de Conakry a invit\u00e9 le FAAEFF de continuer sur cette initiative a travers tout le pays. \u00ab\u00a0Je souhaite remercier le minist\u00e8re de la promotion \u00e0 travers le FAAEFF pour cette initiative. J\u2019invite le FAAEFF de continuer ces genres d\u2019initiative \u00e0 travers tout le pays\u00a0\u00bb.<\/p>\n<p><a href=\"https:\/\/guineechrono.com\/wp-content\/uploads\/2024\/03\/FAAEFF3.jpg\"><img decoding=\"async\" class=\"alignnone size-medium wp-image-32720\" src=\"https:\/\/guineechrono.com\/wp-content\/uploads\/2024\/03\/FAAEFF3-300x200.jpg\" alt=\"\" width=\"300\" height=\"200\" srcset=\"https:\/\/guineechrono.com\/wp-content\/uploads\/2024\/03\/FAAEFF3-300x200.jpg 300w, https:\/\/guineechrono.com\/wp-content\/uploads\/2024\/03\/FAAEFF3-1024x684.jpg 1024w, https:\/\/guineechrono.com\/wp-content\/uploads\/2024\/03\/FAAEFF3-768x513.jpg 768w, https:\/\/guineechrono.com\/wp-content\/uploads\/2024\/03\/FAAEFF3-1536x1025.jpg 1536w, https:\/\/guineechrono.com\/wp-content\/uploads\/2024\/03\/FAAEFF3-696x465.jpg 696w, https:\/\/guineechrono.com\/wp-content\/uploads\/2024\/03\/FAAEFF3-1068x713.jpg 1068w, https:\/\/guineechrono.com\/wp-content\/uploads\/2024\/03\/FAAEFF3-629x420.jpg 629w, https:\/\/guineechrono.com\/wp-content\/uploads\/2024\/03\/FAAEFF3.jpg 1600w\" sizes=\"(max-width: 300px) 100vw, 300px\" \/><\/a><\/p>\n<p>Au nom des b\u00e9n\u00e9ficiaires, Madame Mabinty Camara a aussi remerci\u00e9 la directrice g\u00e9n\u00e9rale du FAAEFF pour cet accompagnement avant de promettre qu\u2019elles vont utiliser ce montant \u00e0 bon \u00e9ch\u00e9ant.<\/p>\n<p>La c\u00e9r\u00e9monie a pris fin par la remise des satisf\u00e9cits aux 111 femmes b\u00e9n\u00e9ficiaires de cette formation.<\/p>\n<p><strong>Aboubacar Camara <\/strong><\/p>\n<p><strong>00224 628 08 45 86<\/strong><\/p>\n<p>&nbsp;<\/p>\n","protected":false},"excerpt":{"rendered":"<p>Pr\u00e8s de quatre mois apr\u00e8s l\u2019incendie du d\u00e9p\u00f4t central d\u2019hydrocarbure de Coronthie, le minist\u00e8re de la promotion\u00a0 f\u00e9minine de l\u2019enfance \u00a0et des personnes vuln\u00e9rables \u00e0 travers le Fonds d\u2019Appui aux Activit\u00e9s Economiques des Femmes et Filles (FAAEFF) a offert un ch\u00e8que de 333 millions de francs guin\u00e9ens aux femmes sinistr\u00e9es de Kaloum pour le projet\u00a0 [&hellip;]<\/p>\n","protected":false},"author":2,"featured_media":32716,"comment_status":"open","ping_status":"closed","sticky":false,"template":"","format":"standard","meta":{"buzzeditor_post_format":"","footnotes":""},"categories":[42],"tags":[],"class_list":["post-32708","post","type-post","status-publish","format-standard","has-post-thumbnail","hentry","category-news"],"jetpack_featured_media_url":"https:\/\/guineechrono.com\/wp-content\/uploads\/2024\/03\/FAAEFF.jpg","amp_enabled":true,"_links":{"self":[{"href":"https:\/\/guineechrono.com\/index.php\/wp-json\/wp\/v2\/posts\/32708","targetHints":{"allow":["GET"]}}],"collection":[{"href":"https:\/\/guineechrono.com\/index.php\/wp-json\/wp\/v2\/posts"}],"about":[{"href":"https:\/\/guineechrono.com\/index.php\/wp-json\/wp\/v2\/types\/post"}],"author":[{"embeddable":true,"href":"https:\/\/guineechrono.com\/index.php\/wp-json\/wp\/v2\/users\/2"}],"replies":[{"embeddable":true,"href":"https:\/\/guineechrono.com\/index.php\/wp-json\/wp\/v2\/comments?post=32708"}],"version-history":[{"count":0,"href":"https:\/\/guineechrono.com\/index.php\/wp-json\/wp\/v2\/posts\/32708\/revisions"}],"wp:featuredmedia":[{"embeddable":true,"href":"https:\/\/guineechrono.com\/index.php\/wp-json\/wp\/v2\/media\/32716"}],"wp:attachment":[{"href":"https:\/\/guineechrono.com\/index.php\/wp-json\/wp\/v2\/media?parent=32708"}],"wp:term":[{"taxonomy":"category","embeddable":true,"href":"https:\/\/guineechrono.com\/index.php\/wp-json\/wp\/v2\/categories?post=32708"},{"taxonomy":"post_tag","embeddable":true,"href":"https:\/\/guineechrono.com\/index.php\/wp-json\/wp\/v2\/tags?post=32708"}],"curies":[{"name":"wp","href":"https:\/\/api.w.org\/{rel}","templated":true}]}}