{"id":3275,"date":"2019-03-12T05:45:27","date_gmt":"2019-03-12T04:45:27","guid":{"rendered":"http:\/\/guineechrono.com\/?p=3275"},"modified":"2020-05-19T16:34:40","modified_gmt":"2020-05-19T15:34:40","slug":"algerie-bouteflika-renonce-a-un-5e-mandat-et-reporte-sine-die-la-presidentielle","status":"publish","type":"post","link":"https:\/\/guineechrono.com\/index.php\/algerie-bouteflika-renonce-a-un-5e-mandat-et-reporte-sine-die-la-presidentielle\/","title":{"rendered":"Alg\u00e9rie : Bouteflika renonce \u00e0 un 5e mandat et reporte sine die la pr\u00e9sidentielle"},"content":{"rendered":"<p>Le pr\u00e9sident alg\u00e9rien Abdelaziz Bouteflika, confront\u00e9 depuis deux semaines \u00e0 une contestation in\u00e9dite en 20 ans de pouvoir, a annonc\u00e9 lundi renoncer \u00e0 briguer un 5e mandat et le report sine die de la pr\u00e9sidentielle pr\u00e9vue le 18 avril.<\/p>\n<p>Dans un message \u00e0 la nation publi\u00e9 par l\u2019agence officielle APS, il pr\u00e9cise que la pr\u00e9sidentielle aura lieu \u00ab\u00a0dans le prolongement\u00a0\u00bb d\u2019une conf\u00e9rence nationale\u00a0\u00bb charg\u00e9e de r\u00e9former le syst\u00e8me politique et d\u2019\u00e9laborer un projet de Constitution d\u2019ici fin 2019.<\/p>\n<p><strong>Belga<\/strong><\/p>\n","protected":false},"excerpt":{"rendered":"<p>Le pr\u00e9sident alg\u00e9rien Abdelaziz Bouteflika, confront\u00e9 depuis deux semaines \u00e0 une contestation in\u00e9dite en 20 ans de pouvoir, a annonc\u00e9 lundi renoncer \u00e0 briguer un 5e mandat et le report sine die de la pr\u00e9sidentielle pr\u00e9vue le 18 avril. Dans un message \u00e0 la nation publi\u00e9 par l\u2019agence officielle APS, il pr\u00e9cise que la pr\u00e9sidentielle [&hellip;]<\/p>\n","protected":false},"author":2,"featured_media":3276,"comment_status":"open","ping_status":"closed","sticky":false,"template":"","format":"standard","meta":{"buzzeditor_post_format":"","footnotes":""},"categories":[1,43],"tags":[],"class_list":["post-3275","post","type-post","status-publish","format-standard","has-post-thumbnail","hentry","category-non-classe","category-politique"],"jetpack_featured_media_url":"https:\/\/guineechrono.com\/wp-content\/uploads\/2019\/03\/algerie-1.jpg","amp_enabled":true,"_links":{"self":[{"href":"https:\/\/guineechrono.com\/index.php\/wp-json\/wp\/v2\/posts\/3275","targetHints":{"allow":["GET"]}}],"collection":[{"href":"https:\/\/guineechrono.com\/index.php\/wp-json\/wp\/v2\/posts"}],"about":[{"href":"https:\/\/guineechrono.com\/index.php\/wp-json\/wp\/v2\/types\/post"}],"author":[{"embeddable":true,"href":"https:\/\/guineechrono.com\/index.php\/wp-json\/wp\/v2\/users\/2"}],"replies":[{"embeddable":true,"href":"https:\/\/guineechrono.com\/index.php\/wp-json\/wp\/v2\/comments?post=3275"}],"version-history":[{"count":0,"href":"https:\/\/guineechrono.com\/index.php\/wp-json\/wp\/v2\/posts\/3275\/revisions"}],"wp:featuredmedia":[{"embeddable":true,"href":"https:\/\/guineechrono.com\/index.php\/wp-json\/wp\/v2\/media\/3276"}],"wp:attachment":[{"href":"https:\/\/guineechrono.com\/index.php\/wp-json\/wp\/v2\/media?parent=3275"}],"wp:term":[{"taxonomy":"category","embeddable":true,"href":"https:\/\/guineechrono.com\/index.php\/wp-json\/wp\/v2\/categories?post=3275"},{"taxonomy":"post_tag","embeddable":true,"href":"https:\/\/guineechrono.com\/index.php\/wp-json\/wp\/v2\/tags?post=3275"}],"curies":[{"name":"wp","href":"https:\/\/api.w.org\/{rel}","templated":true}]}}