{"id":32768,"date":"2024-03-16T12:29:34","date_gmt":"2024-03-16T11:29:34","guid":{"rendered":"https:\/\/guineechrono.com\/?p=32768"},"modified":"2024-03-16T12:29:34","modified_gmt":"2024-03-16T11:29:34","slug":"mef-le-ministre-mourana-soumah-solennellement-installe-dans-ses-nouvelles-fonctions-une-seule-ambition-mhabite-reellement-cest-celle-de-servir-la-nation-pour-le-bien-etre","status":"publish","type":"post","link":"https:\/\/guineechrono.com\/index.php\/mef-le-ministre-mourana-soumah-solennellement-installe-dans-ses-nouvelles-fonctions-une-seule-ambition-mhabite-reellement-cest-celle-de-servir-la-nation-pour-le-bien-etre\/","title":{"rendered":"MEF\/ Le Ministre Mourana Soumah, solennellement install\u00e9 dans ses nouvelles fonctions : \u00ab Une seule ambition m\u2019habite r\u00e9ellement, c\u2019est celle de servir la nation pour le bien-\u00eatre des populations guin\u00e9ennes\u2026\u00bb"},"content":{"rendered":"<h1>C\u2019est dans une salle de conf\u00e9rence du MEF pleine \u00e0 craquer que s\u2019est d\u00e9roul\u00e9e, ce vendredi 15 mars 2024, la grande c\u00e9r\u00e9monie de passation de charge entre le Ministre de l\u2019Economie et des Finances sortant, Moussa Ciss\u00e9 et celui, entrant, Mourana Soumah.<\/h1>\n<p>Un \u00e9v\u00e8nement qui a mobilis\u00e9 un ar\u00e9opage de personnalit\u00e9s et d\u2019invit\u00e9s notamment des membres du CNRD, des repr\u00e9sentants d\u2019institutions r\u00e9publicaines, des membres du Gouvernement, des partenaires techniques et financiers, des hauts cadres de l\u2019administration centrale ainsi que des proches, parents et amis des 2 personnalit\u00e9s, objet de la c\u00e9r\u00e9monie de passation de service.<\/p>\n<p><a href=\"https:\/\/guineechrono.com\/wp-content\/uploads\/2024\/03\/mourana2.jpg\"><img fetchpriority=\"high\" decoding=\"async\" class=\"alignnone size-medium wp-image-32770\" src=\"https:\/\/guineechrono.com\/wp-content\/uploads\/2024\/03\/mourana2-300x200.jpg\" alt=\"\" width=\"300\" height=\"200\" srcset=\"https:\/\/guineechrono.com\/wp-content\/uploads\/2024\/03\/mourana2-300x200.jpg 300w, https:\/\/guineechrono.com\/wp-content\/uploads\/2024\/03\/mourana2-768x512.jpg 768w, https:\/\/guineechrono.com\/wp-content\/uploads\/2024\/03\/mourana2-696x464.jpg 696w, https:\/\/guineechrono.com\/wp-content\/uploads\/2024\/03\/mourana2-630x420.jpg 630w, https:\/\/guineechrono.com\/wp-content\/uploads\/2024\/03\/mourana2.jpg 1024w\" sizes=\"(max-width: 300px) 100vw, 300px\" \/><\/a><\/p>\n<p>Ce rituel haut en couleur et plein d\u2019\u00e9motion, a \u00e9t\u00e9 introduit par le nouveau Ministre Secr\u00e9taire g\u00e9n\u00e9ral du Gouvernement, qui a mis en exergue les termes et l\u2019esprit du D\u00e9cret du Chef de l\u2019Etat qui pr\u00e9side \u00e0 l\u2019installation du nouveau Ministre de l\u2019Economie et des Finances. Benoit Kamano a par la suite, soulign\u00e9 \u00ab\u00a0<em>la qualit\u00e9 du travail abattu, les efforts louables fournis et le m\u00e9rite du Ministre sortant, Moussa Ciss\u00e9 au service du pays dans un contexte difficile.<\/em> \u00bb Poursuivant son mot introductif, le Ministre Secr\u00e9taire G\u00e9n\u00e9ral du Gouvernement f\u00e9licitera le Ministre promu Mourana Soumah pour la qualit\u00e9 de son parcours et son expertise av\u00e9r\u00e9 sans oublier les succ\u00e8s qu\u2019il a accomplis de par le pass\u00e9. Benoit Kamano \u00ab<em>\u00a0souhaitera ainsi, plein succ\u00e8s \u00e0 son cher fr\u00e8re et ami dans l\u2019accomplissement de la mission exaltant et noble \u00e0 lui confi\u00e9 par le Chef de l\u2019Etat, le G\u00e9n\u00e9ral de Corps d\u2019Arm\u00e9es, Mamadi Doumbouya.<\/em> \u00bb<\/p>\n<p>A la suite de l\u2019allocution introductive du Ministre Secr\u00e9taire G\u00e9n\u00e9ral du Gouvernement, il reviendra au Ministre sortant de rappeler et de souligner les faits marquants et les actes forts pos\u00e9s lors de son passage \u00e0 la t\u00eate de ce D\u00e9partement.<\/p>\n<p><a href=\"https:\/\/guineechrono.com\/wp-content\/uploads\/2024\/03\/mourana3.jpg\"><img decoding=\"async\" class=\"alignnone size-medium wp-image-32771\" src=\"https:\/\/guineechrono.com\/wp-content\/uploads\/2024\/03\/mourana3-300x200.jpg\" alt=\"\" width=\"300\" height=\"200\" srcset=\"https:\/\/guineechrono.com\/wp-content\/uploads\/2024\/03\/mourana3-300x200.jpg 300w, https:\/\/guineechrono.com\/wp-content\/uploads\/2024\/03\/mourana3-768x512.jpg 768w, https:\/\/guineechrono.com\/wp-content\/uploads\/2024\/03\/mourana3-696x464.jpg 696w, https:\/\/guineechrono.com\/wp-content\/uploads\/2024\/03\/mourana3-630x420.jpg 630w, https:\/\/guineechrono.com\/wp-content\/uploads\/2024\/03\/mourana3.jpg 1024w\" sizes=\"(max-width: 300px) 100vw, 300px\" \/><\/a><\/p>\n<p>Moussa Ciss\u00e9, affirmera ne pas vouloir faire un bilan ; \u00ab\u00a0<em>c\u2019est un relai que je vous passe\u2026 mon passage \u00e0 la t\u00eate de ce d\u00e9partement ayant \u00e9t\u00e9 une \u00e9tape du processus dans la continuit\u00e9 de l\u2019Etat\u2026 j\u2019ai \u00e9t\u00e9 fier et heureux d\u2019avoir servi le pays dans des moments difficiles et exaltants, sous la haute autorit\u00e9 du Chef de l\u2019Etat le G\u00e9n\u00e9ral Mamadi Doumbouya que je remercie pour la confiance plac\u00e9e en moi\u2026 je suis heureux de passer le t\u00e9moin \u00e0 un cadre du D\u00e9partement, comme je l\u2019avait dit et souhait\u00e9 dans nos r\u00e9unions de Cabinet. J\u2019ai fait chacun de vous, un G\u00e9n\u00e9ral, mon ambition et ma volont\u00e9 \u00e9taient que je sois remplac\u00e9 par un de vous.<\/em> \u00bb confiera, le Ministre Sortant Moussa Ciss\u00e9 \u00e0 son successeur le Ministre Mourana Soumah.<\/p>\n<p>Prenant la parole \u00e0 son tour, le nouveau Ministre de l\u2019Economie et des Finances rendra tout d\u2019abord gr\u00e2ce \u00e0 Dieu pour ses bienfaits avant de remercier le Chef de l\u2019Etat, G\u00e9n\u00e9ral Corps d\u2019Arm\u00e9es, Mamadi Doumbouya pour : \u00ab <em>la marque de confiance qu\u2019il a renouvel\u00e9 en notre modeste personne, en me nommant aux fonctions de Ministre de l\u2019Economie et des Finances, en cette p\u00e9riode exaltante et d\u00e9terminante de la vie de notre nation. Nous appr\u00e9cions cette immense marque de confiance qui nous honore et qui nous engage. C\u2019est pourquoi, je voudrais, ici et maintenant, renouveler et t\u00e9moigner au Chef de l\u2019Etat, Pr\u00e9sident de la R\u00e9publique, le G\u00e9n\u00e9ral de Corps d\u2019arm\u00e9es, Mamadi Doumbouya, toute ma reconnaissance, ma gratitude et ma loyaut\u00e9 pour servir notre pays.<\/em>\u00a0\u00bb soutiendra t il.<\/p>\n<p><a href=\"https:\/\/guineechrono.com\/wp-content\/uploads\/2024\/03\/mourana4.jpg\"><img decoding=\"async\" class=\"alignnone size-medium wp-image-32772\" src=\"https:\/\/guineechrono.com\/wp-content\/uploads\/2024\/03\/mourana4-300x200.jpg\" alt=\"\" width=\"300\" height=\"200\" srcset=\"https:\/\/guineechrono.com\/wp-content\/uploads\/2024\/03\/mourana4-300x200.jpg 300w, https:\/\/guineechrono.com\/wp-content\/uploads\/2024\/03\/mourana4-768x512.jpg 768w, https:\/\/guineechrono.com\/wp-content\/uploads\/2024\/03\/mourana4-696x464.jpg 696w, https:\/\/guineechrono.com\/wp-content\/uploads\/2024\/03\/mourana4-630x420.jpg 630w, https:\/\/guineechrono.com\/wp-content\/uploads\/2024\/03\/mourana4.jpg 1024w\" sizes=\"(max-width: 300px) 100vw, 300px\" \/><\/a><\/p>\n<p>Apr\u00e8s avoir f\u00e9licit\u00e9 et remerci\u00e9 le Ministre Sortant pour son humilit\u00e9, l\u2019esprit d\u2019\u00e9quipe et l\u2019atmosph\u00e8re de convivialit\u00e9 qu\u2019il a cr\u00e9e a entretenu, le Ministre entrant Mourana Soumah rassurera les invit\u00e9s et personnalit\u00e9s de : \u00ab\u00a0<em>sa d\u00e9termination \u00e0 poursuivre les r\u00e9formes engag\u00e9es, \u00e0 consolider les acquis, \u00e0 am\u00e9liorer et \u00e0 renforcer les r\u00e9sultats engrang\u00e9s par ce D\u00e9partement visant \u00e0 am\u00e9liorer la gestion des finances publiques et \u00e0 amplifier le dynamisme de l\u2019activit\u00e9 \u00e9conomique de notre pays.<\/em>\u00a0\u00bb<\/p>\n<p>En ce qui concerne les objectifs \u00e0 court terme, le Ministre Mourana Soumah, a d\u2019ores et d\u00e9j\u00e0, une id\u00e9e claire, des axes d\u2019interventions de son plan d\u2019action : \u00ab\u00a0<em>Notre objectif \u00e0 tr\u00e8s court terme portera sur la r\u00e9solution des probl\u00e8mes li\u00e9s \u00e0 l\u2019approvisionnement de notre pays en produits p\u00e9troliers et les solutions adapt\u00e9es \u00e0 la question de l\u2019Energie. Ensuite, il faudra amplifier les efforts d\u2019investissements publics pour la construction des infrastructures indispensables au bien-\u00eatre de nos populations et au dynamisme de notre \u00e9conomie pour une croissance durable et inclusive. C\u2019est pourquoi, la mobilisation des ressources internes et externes du Budget sera l\u2019une de nos priorit\u00e9s. Notre mettrons un accent tout particulier sur le taux d\u2019absorption des ressources ext\u00e9rieures.<\/em> \u00bb pr\u00e9cise-t-il.<\/p>\n<p>Le nouveau chef du D\u00e9partement de l\u2019Economie et des Finances rajoutera aussi que : \u00ab\u00a0<em>L\u2019un des objectifs de notre action portera sur la n\u00e9cessaire am\u00e9lioration de l\u2019environnement des affaires dans notre pays, au moment o\u00f9 nous rentrons dans la phase active de construction du projet Simandou, gr\u00e2ce au leadership de Monsieur le Pr\u00e9sident de la R\u00e9publique. Nous devons tout faire pour que les entreprises nationales participent \u00e0 l\u2019\u0153uvre de construction des infrastructures mini\u00e8res, ferroviaires et portuaires de cet important projet minier. En outre, nous devons pr\u00e9server la stabilit\u00e9 du cadre macro\u00e9conomique en dynamisant les ressorts de la croissance, en poursuivant la r\u00e9duction de l\u2019inflation et en assurant une gestion prudente de nos finances publiques.<\/em>\u00a0\u00bb<\/p>\n<p>Des efforts et sp\u00e9cifiques actions porteront sp\u00e9cifiquement indiquera le Ministre Mourana sur la poursuite de la digitalisation et de la modernisation de l\u2019ensemble de nos Directions du D\u00e9partement, une meilleure gestion du Portefeuille de l\u2019Etat, un renforcement du dispositif du Partenariat Public Priv\u00e9, sans oublier les efforts et reformes en directions des investissements publics \u00e0 r\u00e9aliser pour am\u00e9liorer les conditions de vie des Guin\u00e9ens.<\/p>\n<p>Avant de terminer ses propos, le nouveau ministre l\u2019Economie et des Finances a rendu hommage \u00e0 ses anciens collaborateur au Tr\u00e9sor, salu\u00e9 l\u2019appui et le soutien des membres du Cabinet, des hauts cadres et des travailleurs du MEF, tout en ayant une pens\u00e9e pour ses proches, amis et sa famille, particuli\u00e8rement pour sa m\u00e8re et son d\u00e9funt p\u00e8re.<\/p>\n<p>Face aux d\u00e9fis qui se dressent, le Ministre Mourana sonne l\u2019appel \u00e0 la mobilisation et \u00e0 l\u2019action : \u00ab\u00a0<em>En cette ann\u00e9e de r\u00e9silience et d\u2019efforts soutenus pour permettre \u00e0 la Guin\u00e9e de relancer pleinement et sereinement son \u00e9conomie \u00e9prouv\u00e9e par les cons\u00e9quences de l\u2019explosion du d\u00e9p\u00f4t central des hydrocarbures de Conakry, j\u2019invite le cabinet, les hauts cadres et les travailleurs du Minist\u00e8re de l\u2019Economie et des Finances \u00e0 se remobiliser et \u00e0 se rassembler pour relever les grands d\u00e9fis de d\u00e9veloppement socio-\u00e9conomique de notre pays. Ensembles, unis et soud\u00e9s, nous sommes convaincus, que nous saurons m\u00e9riter de la confiance des hautes autorit\u00e9s de ce pays, pour cr\u00e9er des conditions propices \u00e0 une croissance inclusive, socle d\u2019un d\u00e9veloppement \u00e9conomique durable. Toute chose qui permettra d\u2019am\u00e9liorer les conditions de vie de nos concitoyens, conform\u00e9ment \u00e0 la vision strat\u00e9gique du Chef de l\u2019Etat, le G\u00e9n\u00e9ral de Corps d\u2019Arm\u00e9es, Mamadi Doumbouya.<\/em>\u00a0\u00bb<\/p>\n<p>Et de conclure, en exhortant le Tout Puissant : \u00ab\u00a0<em>Qu\u2019ALLAH, le tr\u00e8s mis\u00e9ricordieux, nous inspire, guide nos actes et d\u00e9cisions\u2026. sous le sceau de la responsabilit\u00e9, de la redevabilit\u00e9, de l\u2019humilit\u00e9 et de l\u2019efficacit\u00e9 dans l\u2019action. Dieu B\u00e9nisse la Guin\u00e9e et les Guin\u00e9ens !<\/em>\u00a0\u00bb<\/p>\n<p>La c\u00e9r\u00e9monie de passation de service sera boucl\u00e9e par l\u2019installation formelle du nouveau du Ministre dans son fauteuil de commandement, pr\u00e9c\u00e9d\u00e9e du passage du t\u00e9moin. Mourana Soumah tient donc, depuis ce 15 mars 2024, les r\u00eanes du D\u00e9partement strat\u00e9gique de l\u2019Economie et des Finances.<\/p>\n<p><em><strong>Service Communication, Relations Publiques MEF<\/strong><\/em><\/p>\n","protected":false},"excerpt":{"rendered":"<p>C\u2019est dans une salle de conf\u00e9rence du MEF pleine \u00e0 craquer que s\u2019est d\u00e9roul\u00e9e, ce vendredi 15 mars 2024, la grande c\u00e9r\u00e9monie de passation de charge entre le Ministre de l\u2019Economie et des Finances sortant, Moussa Ciss\u00e9 et celui, entrant, Mourana Soumah. Un \u00e9v\u00e8nement qui a mobilis\u00e9 un ar\u00e9opage de personnalit\u00e9s et d\u2019invit\u00e9s notamment des [&hellip;]<\/p>\n","protected":false},"author":2,"featured_media":32769,"comment_status":"open","ping_status":"closed","sticky":false,"template":"","format":"standard","meta":{"buzzeditor_post_format":"","footnotes":""},"categories":[44],"tags":[],"class_list":["post-32768","post","type-post","status-publish","format-standard","has-post-thumbnail","hentry","category-economie"],"jetpack_featured_media_url":"https:\/\/guineechrono.com\/wp-content\/uploads\/2024\/03\/mourana1.jpg","amp_enabled":true,"_links":{"self":[{"href":"https:\/\/guineechrono.com\/index.php\/wp-json\/wp\/v2\/posts\/32768","targetHints":{"allow":["GET"]}}],"collection":[{"href":"https:\/\/guineechrono.com\/index.php\/wp-json\/wp\/v2\/posts"}],"about":[{"href":"https:\/\/guineechrono.com\/index.php\/wp-json\/wp\/v2\/types\/post"}],"author":[{"embeddable":true,"href":"https:\/\/guineechrono.com\/index.php\/wp-json\/wp\/v2\/users\/2"}],"replies":[{"embeddable":true,"href":"https:\/\/guineechrono.com\/index.php\/wp-json\/wp\/v2\/comments?post=32768"}],"version-history":[{"count":0,"href":"https:\/\/guineechrono.com\/index.php\/wp-json\/wp\/v2\/posts\/32768\/revisions"}],"wp:featuredmedia":[{"embeddable":true,"href":"https:\/\/guineechrono.com\/index.php\/wp-json\/wp\/v2\/media\/32769"}],"wp:attachment":[{"href":"https:\/\/guineechrono.com\/index.php\/wp-json\/wp\/v2\/media?parent=32768"}],"wp:term":[{"taxonomy":"category","embeddable":true,"href":"https:\/\/guineechrono.com\/index.php\/wp-json\/wp\/v2\/categories?post=32768"},{"taxonomy":"post_tag","embeddable":true,"href":"https:\/\/guineechrono.com\/index.php\/wp-json\/wp\/v2\/tags?post=32768"}],"curies":[{"name":"wp","href":"https:\/\/api.w.org\/{rel}","templated":true}]}}