{"id":32916,"date":"2024-04-15T17:10:29","date_gmt":"2024-04-15T16:10:29","guid":{"rendered":"https:\/\/guineechrono.com\/?p=32916"},"modified":"2024-04-15T17:10:29","modified_gmt":"2024-04-15T16:10:29","slug":"brouillage-des-ondes-sekou-jamal-pendessa-entame-une-tournee-a-linterieur-du-pays","status":"publish","type":"post","link":"https:\/\/guineechrono.com\/index.php\/brouillage-des-ondes-sekou-jamal-pendessa-entame-une-tournee-a-linterieur-du-pays\/","title":{"rendered":"Brouillage des ondes : S\u00e9kou Jamal Pendessa entame une tourn\u00e9e \u00e0 l\u2019int\u00e9rieur du pays"},"content":{"rendered":"<p><strong>En s\u00e9jour \u00e0 Bok\u00e9, le G\u00e9n\u00e9ral PENDESSA a effectu\u00e9 une tourn\u00e9e dans les locaux des m\u00e9dias de la presse locale. De Radio Kalac et Espace Kakand\u00e9 \u00e0 Ama FM en passant par Djoma Bok\u00e9, le Secr\u00e9taire G\u00e9n\u00e9ral du SPPG s\u2019est entretenu avec des employ\u00e9s et responsables de ces m\u00e9dias bien suivis dans la zone mini\u00e8re de Bok\u00e9.<\/strong><\/p>\n<p>Apr\u00e8s les \u00e9changes et des remarques faites dans des r\u00e9dactions pratiquement d\u00e9sertes, le constat r\u00e9v\u00e8le que ces m\u00e9dias et leurs personnels sont durement frapp\u00e9s par la crise financi\u00e8re due au brouillage ill\u00e9gal des ondes fm et le retrait des cha\u00eenes de t\u00e9l\u00e9s des bouquets Canal + et Startimes.<\/p>\n<p>Partout, S\u00e9kou Jamal PENDESSA a exprim\u00e9 la solidarit\u00e9 du SPPG aux employ\u00e9s et responsables de ces entreprises de presse dont l\u2019\u00e9crasante majorit\u00e9 reste encore en cong\u00e9 technique. Il les encourage et rassure quant \u00e0 la d\u00e9termination du Syndicat de la presse \u00e0 poursuivre le combat pour la restauration des emplois perdus.<\/p>\n<p><strong>SPPG<br \/>\n<\/strong><\/p>\n","protected":false},"excerpt":{"rendered":"<p>En s\u00e9jour \u00e0 Bok\u00e9, le G\u00e9n\u00e9ral PENDESSA a effectu\u00e9 une tourn\u00e9e dans les locaux des m\u00e9dias de la presse locale. De Radio Kalac et Espace Kakand\u00e9 \u00e0 Ama FM en passant par Djoma Bok\u00e9, le Secr\u00e9taire G\u00e9n\u00e9ral du SPPG s\u2019est entretenu avec des employ\u00e9s et responsables de ces m\u00e9dias bien suivis dans la zone mini\u00e8re [&hellip;]<\/p>\n","protected":false},"author":2,"featured_media":32917,"comment_status":"open","ping_status":"closed","sticky":false,"template":"","format":"standard","meta":{"buzzeditor_post_format":"","footnotes":""},"categories":[42],"tags":[],"class_list":["post-32916","post","type-post","status-publish","format-standard","has-post-thumbnail","hentry","category-news"],"jetpack_featured_media_url":"https:\/\/guineechrono.com\/wp-content\/uploads\/2024\/04\/jamal-pendessa.jpg","amp_enabled":true,"_links":{"self":[{"href":"https:\/\/guineechrono.com\/index.php\/wp-json\/wp\/v2\/posts\/32916","targetHints":{"allow":["GET"]}}],"collection":[{"href":"https:\/\/guineechrono.com\/index.php\/wp-json\/wp\/v2\/posts"}],"about":[{"href":"https:\/\/guineechrono.com\/index.php\/wp-json\/wp\/v2\/types\/post"}],"author":[{"embeddable":true,"href":"https:\/\/guineechrono.com\/index.php\/wp-json\/wp\/v2\/users\/2"}],"replies":[{"embeddable":true,"href":"https:\/\/guineechrono.com\/index.php\/wp-json\/wp\/v2\/comments?post=32916"}],"version-history":[{"count":0,"href":"https:\/\/guineechrono.com\/index.php\/wp-json\/wp\/v2\/posts\/32916\/revisions"}],"wp:featuredmedia":[{"embeddable":true,"href":"https:\/\/guineechrono.com\/index.php\/wp-json\/wp\/v2\/media\/32917"}],"wp:attachment":[{"href":"https:\/\/guineechrono.com\/index.php\/wp-json\/wp\/v2\/media?parent=32916"}],"wp:term":[{"taxonomy":"category","embeddable":true,"href":"https:\/\/guineechrono.com\/index.php\/wp-json\/wp\/v2\/categories?post=32916"},{"taxonomy":"post_tag","embeddable":true,"href":"https:\/\/guineechrono.com\/index.php\/wp-json\/wp\/v2\/tags?post=32916"}],"curies":[{"name":"wp","href":"https:\/\/api.w.org\/{rel}","templated":true}]}}