{"id":32945,"date":"2024-04-18T20:01:57","date_gmt":"2024-04-18T19:01:57","guid":{"rendered":"https:\/\/guineechrono.com\/?p=32945"},"modified":"2024-04-18T20:01:57","modified_gmt":"2024-04-18T19:01:57","slug":"conakry-les-activites-de-long-filles-et-femmes-autonomes-de-guinee-lancees-officiellement","status":"publish","type":"post","link":"https:\/\/guineechrono.com\/index.php\/conakry-les-activites-de-long-filles-et-femmes-autonomes-de-guinee-lancees-officiellement\/","title":{"rendered":"Conakry : les activit\u00e9s de l\u2019ONG Filles et femmes autonomes  de Guin\u00e9e lanc\u00e9es  officiellement"},"content":{"rendered":"<p><strong>Une nouvelle organisation non gouvernementale (ONG) a lanc\u00e9 officiellement ses activit\u00e9s ce jeudi, 18 avril 2024 \u00e0 Conakry. Il s\u2019agit de l\u2019ONG Filles et Femmes autonomes de Guin\u00e9e. Elle a pour objectif, l\u2019autonomisation des filles et femmes en renfor\u00e7ant leur capacit\u00e9, les assister dans la cr\u00e9ation de leurs entreprises et le suivit.<\/strong><\/p>\n<p>Dans sa communication, Madame Aissata Camara Kaba, pr\u00e9sidente de ladite rappelle d\u2019o\u00f9 est venue l\u2019id\u00e9e de cr\u00e9ation. \u00ab\u00a0Il y a beaucoup de femmes entrepreneures parmi, chacune \u00e9volue dans son domaine. \u00a0Et nous avons jug\u00e9 n\u00e9cessaire de mettre en place une ONG qui va nous aider \u00e0 f\u00e9d\u00e9rer nos efforts. L\u2019ONG Filles et Femmes autonomes de Guin\u00e9e regorge beaucoup de femmes qui \u00e9voluent dans l\u2019entreprenariat. On a aussi des aspirantes\u00a0\u00bb, souligne-t-elle.<\/p>\n<p>Ensuite elle a \u00e9num\u00e9r\u00e9 d\u2019autres activit\u00e9s auxquelles l\u2019ONG va mener sur le terrain. \u00ab\u00a0Egalement l\u2019ONG est dans la sensibilisation. \u00a0Par exemple, nous faisons la sensibilisation sur le cancer du sein,\u00a0 sur le VIH SIDA, en tout cas tous qui touchent les femmes, nous faisons la sensibilisation dans ce sens. Nous faisons aussi la mise en relation\u00a0\u00bb.<\/p>\n<h2>Au nom du minist\u00e8re de la Promotion F\u00e9minine, de l\u2019Enfance et des Personnes Vuln\u00e9rables, madame la directrice g\u00e9n\u00e9rale du fonds d\u2019appuis des activit\u00e9s \u00e9conomiques des filles et femmes, \u00a0Virginie Tour\u00e9 directrice g\u00e9n\u00e9rale du fonds d\u2019Appuis aux Activit\u00e9s Economiques des Femmes et Filles \u00a0(FAAEFF) promet d\u2019accompagner l\u2019ONG Filles et Femme Autonomes de Guin\u00e9e.<\/h2>\n<h2>\u00ab\u00a0L\u2019une des mission de FAAEFF, c\u2019est le renforcement de capacit\u00e9 des femmes entrepreneures. \u00a0Le renforcement des capacit\u00e9s des femmes fait partir des piliers du fonds d\u2019appuis aux activit\u00e9s \u00a0\u00e9conomiques des femmes et filles.<\/h2>\n<h2>Nous sommes tr\u00e8s fiers de cette ONG qui a commenc\u00e9 ses activit\u00e9s par la formation des femmes entrepreneures. \u00a0Parce que, vous ne pouvez pas \u00eatre entrepreneures si vous n\u2019avez pas de base. \u00a0Donc, la base c\u2019est la moindre des choses et le montage des projets permettrait \u00e0 toutes celles qui veulent entreprendre de savoir effectivement le projet sur lequel elles veulent aller. Si c\u2019est un bon projet ou pas.\u00a0 Moi, \u00a0j\u2019attendrai de voir \u00a0\u00e0 quel niveau apr\u00e8s la formation, comment est-ce nous pouvons maintenant les appuyer pour que leur r\u00eave devient une r\u00e9alit\u00e9\u00a0\u00bb.<\/h2>\n<p>Pour finir, la Directrice g\u00e9n\u00e9rale a fait une petite pr\u00e9cision sur leur fonctionnement. \u00ab\u00a0Nous ne travaillons pas directement avec les ONG, nous travaillons avec les\u00a0 femmes, les entreprises individuelles, des groupements ou des associations des femmes. \u00a0Nous travaillons \u00e9galement avec les femmes entrepreneures qui ont un chiffre d\u2019affaires de 500\u00a0000 GNF \u00e0 cent milliards jusqu\u2019au-del\u00e0.<\/p>\n<p>J\u2019encourage l\u2019ONG de passer une autre \u00e9tape de son \u00e9volution qui doit \u00eatre un GIE (un groupement d\u2019int\u00e9r\u00eat \u00e9conomique). \u00a0Des femmes qui vont se mettre ensemble et que nous puissions les accompagner et qu\u2019elles puissent participer \u00e0 leur tour au d\u00e9veloppement \u00e9conomique de notre pays\u00a0\u00bb.<\/p>\n<p>Il faut rappeler que cette ONG a d\u00e9marr\u00e9 ses activit\u00e9s par le renforcement des capacit\u00e9s de 70 femmes entrepreneures en montages de projets.<\/p>\n<p><strong>Aboubacar Camara <\/strong><\/p>\n<p>&nbsp;<\/p>\n<p>&nbsp;<\/p>\n","protected":false},"excerpt":{"rendered":"<p>Une nouvelle organisation non gouvernementale (ONG) a lanc\u00e9 officiellement ses activit\u00e9s ce jeudi, 18 avril 2024 \u00e0 Conakry. Il s\u2019agit de l\u2019ONG Filles et Femmes autonomes de Guin\u00e9e. Elle a pour objectif, l\u2019autonomisation des filles et femmes en renfor\u00e7ant leur capacit\u00e9, les assister dans la cr\u00e9ation de leurs entreprises et le suivit. Dans sa communication, [&hellip;]<\/p>\n","protected":false},"author":2,"featured_media":32946,"comment_status":"open","ping_status":"closed","sticky":false,"template":"","format":"standard","meta":{"buzzeditor_post_format":"","footnotes":""},"categories":[42],"tags":[],"class_list":["post-32945","post","type-post","status-publish","format-standard","has-post-thumbnail","hentry","category-news"],"jetpack_featured_media_url":"https:\/\/guineechrono.com\/wp-content\/uploads\/2024\/04\/fille-et-femmes.jpg","amp_enabled":true,"_links":{"self":[{"href":"https:\/\/guineechrono.com\/index.php\/wp-json\/wp\/v2\/posts\/32945","targetHints":{"allow":["GET"]}}],"collection":[{"href":"https:\/\/guineechrono.com\/index.php\/wp-json\/wp\/v2\/posts"}],"about":[{"href":"https:\/\/guineechrono.com\/index.php\/wp-json\/wp\/v2\/types\/post"}],"author":[{"embeddable":true,"href":"https:\/\/guineechrono.com\/index.php\/wp-json\/wp\/v2\/users\/2"}],"replies":[{"embeddable":true,"href":"https:\/\/guineechrono.com\/index.php\/wp-json\/wp\/v2\/comments?post=32945"}],"version-history":[{"count":1,"href":"https:\/\/guineechrono.com\/index.php\/wp-json\/wp\/v2\/posts\/32945\/revisions"}],"predecessor-version":[{"id":32947,"href":"https:\/\/guineechrono.com\/index.php\/wp-json\/wp\/v2\/posts\/32945\/revisions\/32947"}],"wp:featuredmedia":[{"embeddable":true,"href":"https:\/\/guineechrono.com\/index.php\/wp-json\/wp\/v2\/media\/32946"}],"wp:attachment":[{"href":"https:\/\/guineechrono.com\/index.php\/wp-json\/wp\/v2\/media?parent=32945"}],"wp:term":[{"taxonomy":"category","embeddable":true,"href":"https:\/\/guineechrono.com\/index.php\/wp-json\/wp\/v2\/categories?post=32945"},{"taxonomy":"post_tag","embeddable":true,"href":"https:\/\/guineechrono.com\/index.php\/wp-json\/wp\/v2\/tags?post=32945"}],"curies":[{"name":"wp","href":"https:\/\/api.w.org\/{rel}","templated":true}]}}