{"id":3295,"date":"2019-03-13T13:04:43","date_gmt":"2019-03-13T12:04:43","guid":{"rendered":"http:\/\/guineechrono.com\/?p=3295"},"modified":"2019-03-13T13:04:43","modified_gmt":"2019-03-13T12:04:43","slug":"guinee-cest-parti-pour-la-premiere-edition-du-salon-des-entrepreneurs-de-guinee","status":"publish","type":"post","link":"https:\/\/guineechrono.com\/index.php\/guinee-cest-parti-pour-la-premiere-edition-du-salon-des-entrepreneurs-de-guinee\/","title":{"rendered":"Guin\u00e9e : C\u2019est parti pour la premi\u00e8re \u00e9dition du Salon des Entrepreneurs de Guin\u00e9e"},"content":{"rendered":"<p><strong>Ce mardi 12 mars 2019, les travaux de la premi\u00e8re \u00e9dition du Salon des Entrepreneurs de Guin\u00e9e (SADEN) ont \u00e9t\u00e9 \u00a0d\u00e9marr\u00e9s \u00a0\u00e0 Conakry. La c\u00e9r\u00e9monie a \u00e9t\u00e9 pr\u00e9sid\u00e9e par le Pr Alpha Cond\u00e9 accompagn\u00e9 par plusieurs membres du gouvernement.<\/strong><\/p>\n<p>L\u2019objectifs c\u2019est utilis\u00e9 l\u2019entreprenariat comme moteur de d\u00e9veloppement de la Guin\u00e9e en participant \u00e0 l\u2019essor de domaines peu ou sous exploit\u00e9s comme l\u2019agriculture, le tourisme, les Nouvelles Technologies de l\u2019Information et de la Communication et l\u2019environnement.<\/p>\n<p>Dans son intervention, le \u00a0Directeur g\u00e9n\u00e9ral de l\u2019AGUIPE, S\u00e9kouba Mara au nom du comit\u00e9 d\u2019organisation a d\u00e9clar\u00e9 que l<em>e diagnostic de la situation \u00e9conomique et sociale de la plupart des pays africains d\u00e9montre des d\u00e9fis majeurs pour assurer la transformation structurelle de leurs \u00e9conomies.<\/em><\/p>\n<p>Selon lui, le volet emploi est le premier domaine \u00e0 promouvoir pour l\u2019atteinte de ce r\u00e9sultat \u00e0 travers la promotion de l\u2019emploi productif et l\u2019entrepreneuriat des jeunes, des femmes et des personnes vivant avec un handicap<em>.<\/em><\/p>\n<p>Dans la m\u00eame optique, il a soulign\u00e9 que cette initiative du Gouvernement guin\u00e9en en collaboration avec le Centre de Commerce International (ITC), l\u2019agence d\u2019ex\u00e9cution du volet entrepreneuriat du programme INTEGRA\u00a0vise \u00e0\u00a0promouvoir les opportunit\u00e9s d\u2019investissements. \u00ab\u00a0Cr\u00e9er une plateforme de partage d\u2019exp\u00e9rience, de r\u00e9seautage et de r\u00e9flexion sur l\u2019\u00e9cosyst\u00e8me entrepreneurial guin\u00e9en, et de lutter contre le ch\u00f4mage, l\u2019exode rural et l\u2019\u00e9migration irr\u00e9guli\u00e8re en cr\u00e9ant des activit\u00e9s g\u00e9n\u00e9ratrices de revenus par le biais de l\u2019entrepreneuriat\u00a0\u00bb,\u00a0dit-il.<\/p>\n<p>Pour sa part, le pr\u00e9sident Alpha Cond\u00e9 a remerci\u00e9 les initiateurs de ce salon avant de fustiger l\u2019incompr\u00e9hension qui continue toujours de r\u00e9gner entre les vieux entrepreneurs du pays. Par la m\u00eame occasion, il a rassur\u00e9 que l\u2019accompagnement de l\u2019Etat et des partenaires ne feront pas d\u00e9faut pour \u00a0les entrepreneurs qui r\u00eavent d\u2019aller de loin.<\/p>\n<p>A noter que les travaux prennent fin ce mercredi 13 mars 2019.<\/p>\n<p><strong>Aboubacar Pastoria \u00a0Camara<\/strong><\/p>\n<p>&nbsp;<\/p>\n","protected":false},"excerpt":{"rendered":"<p>Ce mardi 12 mars 2019, les travaux de la premi\u00e8re \u00e9dition du Salon des Entrepreneurs de Guin\u00e9e (SADEN) ont \u00e9t\u00e9 \u00a0d\u00e9marr\u00e9s \u00a0\u00e0 Conakry. La c\u00e9r\u00e9monie a \u00e9t\u00e9 pr\u00e9sid\u00e9e par le Pr Alpha Cond\u00e9 accompagn\u00e9 par plusieurs membres du gouvernement. L\u2019objectifs c\u2019est utilis\u00e9 l\u2019entreprenariat comme moteur de d\u00e9veloppement de la Guin\u00e9e en participant \u00e0 l\u2019essor de [&hellip;]<\/p>\n","protected":false},"author":2,"featured_media":3296,"comment_status":"open","ping_status":"closed","sticky":false,"template":"","format":"standard","meta":{"buzzeditor_post_format":"","footnotes":""},"categories":[1],"tags":[],"class_list":["post-3295","post","type-post","status-publish","format-standard","has-post-thumbnail","hentry","category-non-classe"],"jetpack_featured_media_url":"https:\/\/guineechrono.com\/wp-content\/uploads\/2019\/03\/edition.jpg","amp_enabled":true,"_links":{"self":[{"href":"https:\/\/guineechrono.com\/index.php\/wp-json\/wp\/v2\/posts\/3295","targetHints":{"allow":["GET"]}}],"collection":[{"href":"https:\/\/guineechrono.com\/index.php\/wp-json\/wp\/v2\/posts"}],"about":[{"href":"https:\/\/guineechrono.com\/index.php\/wp-json\/wp\/v2\/types\/post"}],"author":[{"embeddable":true,"href":"https:\/\/guineechrono.com\/index.php\/wp-json\/wp\/v2\/users\/2"}],"replies":[{"embeddable":true,"href":"https:\/\/guineechrono.com\/index.php\/wp-json\/wp\/v2\/comments?post=3295"}],"version-history":[{"count":0,"href":"https:\/\/guineechrono.com\/index.php\/wp-json\/wp\/v2\/posts\/3295\/revisions"}],"wp:featuredmedia":[{"embeddable":true,"href":"https:\/\/guineechrono.com\/index.php\/wp-json\/wp\/v2\/media\/3296"}],"wp:attachment":[{"href":"https:\/\/guineechrono.com\/index.php\/wp-json\/wp\/v2\/media?parent=3295"}],"wp:term":[{"taxonomy":"category","embeddable":true,"href":"https:\/\/guineechrono.com\/index.php\/wp-json\/wp\/v2\/categories?post=3295"},{"taxonomy":"post_tag","embeddable":true,"href":"https:\/\/guineechrono.com\/index.php\/wp-json\/wp\/v2\/tags?post=3295"}],"curies":[{"name":"wp","href":"https:\/\/api.w.org\/{rel}","templated":true}]}}