{"id":33097,"date":"2024-05-11T16:00:28","date_gmt":"2024-05-11T15:00:28","guid":{"rendered":"https:\/\/guineechrono.com\/?p=33097"},"modified":"2024-05-13T16:11:42","modified_gmt":"2024-05-13T15:11:42","slug":"paix-et-cohesion-sociale-en-guinee-dr-david-makongo-determine-a-jamais","status":"publish","type":"post","link":"https:\/\/guineechrono.com\/index.php\/paix-et-cohesion-sociale-en-guinee-dr-david-makongo-determine-a-jamais\/","title":{"rendered":"Paix et coh\u00e9sion sociale en Guin\u00e9e : Dr David Makongo d\u00e9termin\u00e9 \u00e0 jamais"},"content":{"rendered":"<p><strong>Le PDG de la fondation Familly Charity, Dr David Makongo\u00a0a particip\u00e9 ce Samedi, 11 mai 2024 \u00e0 une marche d\u00e9nomm\u00e9e \u2018\u2019Paix et coh\u00e9sion sociale\u2019\u2019, qui a d\u00e9marr\u00e9 au palais du peuple jusqu\u2019au stade 28 septembre.<\/strong><\/p>\n<p>Interrog\u00e9, Dr David Makongo se dit fier d\u2019\u00eatre associ\u00e9 \u00e0 ces genres d\u2019activit\u00e9s. \u00a0\u00ab\u00a0Je vais dire f\u00e9licitation \u00e0 la jeunesse guin\u00e9enne et f\u00e9licitation \u00e0 ces jeunes qui ont r\u00e9ussi \u00e0 organiser cette marche pour la paix et la coh\u00e9sion sociale. \u00a0C\u2019est une victoire que vous avez gagn\u00e9 sur la paix.\u00a0 Je profite la m\u00eame occasion de remercier le G\u00e9n\u00e9ral Mamadi Doumbouya pour avoir mis la paix, le vivre ensemble devant tout ce qu\u2019il entrain de faire pour la Guin\u00e9e.<\/p>\n<figure id=\"attachment_33099\" aria-describedby=\"caption-attachment-33099\" style=\"width: 300px\" class=\"wp-caption alignnone\"><a href=\"https:\/\/guineechrono.com\/wp-content\/uploads\/2024\/05\/david-scaled.jpg\"><img fetchpriority=\"high\" decoding=\"async\" class=\"size-medium wp-image-33099\" src=\"https:\/\/guineechrono.com\/wp-content\/uploads\/2024\/05\/david-300x225.jpg\" alt=\"\" width=\"300\" height=\"225\" srcset=\"https:\/\/guineechrono.com\/wp-content\/uploads\/2024\/05\/david-300x225.jpg 300w, https:\/\/guineechrono.com\/wp-content\/uploads\/2024\/05\/david-1024x768.jpg 1024w, https:\/\/guineechrono.com\/wp-content\/uploads\/2024\/05\/david-768x576.jpg 768w, https:\/\/guineechrono.com\/wp-content\/uploads\/2024\/05\/david-1536x1152.jpg 1536w, https:\/\/guineechrono.com\/wp-content\/uploads\/2024\/05\/david-2048x1536.jpg 2048w, https:\/\/guineechrono.com\/wp-content\/uploads\/2024\/05\/david-80x60.jpg 80w, https:\/\/guineechrono.com\/wp-content\/uploads\/2024\/05\/david-265x198.jpg 265w, https:\/\/guineechrono.com\/wp-content\/uploads\/2024\/05\/david-696x522.jpg 696w, https:\/\/guineechrono.com\/wp-content\/uploads\/2024\/05\/david-1068x801.jpg 1068w, https:\/\/guineechrono.com\/wp-content\/uploads\/2024\/05\/david-560x420.jpg 560w, https:\/\/guineechrono.com\/wp-content\/uploads\/2024\/05\/david-1920x1440.jpg 1920w\" sizes=\"(max-width: 300px) 100vw, 300px\" \/><\/a><figcaption id=\"caption-attachment-33099\" class=\"wp-caption-text\">Exif_JPEG_420<\/figcaption><\/figure>\n<p>Je vais lui rassurer au nom de la jeunesse guin\u00e9enne avec qui je vie tous les jours que nous sommes engag\u00e9s, nous avons pris un pied \u00e0 l\u2019 extr\u00eame, en avant pour la paix et pour le vive ensemble\u00a0\u00bb.<\/p>\n<figure id=\"attachment_33100\" aria-describedby=\"caption-attachment-33100\" style=\"width: 300px\" class=\"wp-caption alignnone\"><a href=\"https:\/\/guineechrono.com\/wp-content\/uploads\/2024\/05\/david2-scaled.jpg\"><img decoding=\"async\" class=\"size-medium wp-image-33100\" src=\"https:\/\/guineechrono.com\/wp-content\/uploads\/2024\/05\/david2-300x225.jpg\" alt=\"\" width=\"300\" height=\"225\" srcset=\"https:\/\/guineechrono.com\/wp-content\/uploads\/2024\/05\/david2-300x225.jpg 300w, https:\/\/guineechrono.com\/wp-content\/uploads\/2024\/05\/david2-1024x768.jpg 1024w, https:\/\/guineechrono.com\/wp-content\/uploads\/2024\/05\/david2-768x576.jpg 768w, https:\/\/guineechrono.com\/wp-content\/uploads\/2024\/05\/david2-1536x1152.jpg 1536w, https:\/\/guineechrono.com\/wp-content\/uploads\/2024\/05\/david2-2048x1536.jpg 2048w, https:\/\/guineechrono.com\/wp-content\/uploads\/2024\/05\/david2-80x60.jpg 80w, https:\/\/guineechrono.com\/wp-content\/uploads\/2024\/05\/david2-265x198.jpg 265w, https:\/\/guineechrono.com\/wp-content\/uploads\/2024\/05\/david2-696x522.jpg 696w, https:\/\/guineechrono.com\/wp-content\/uploads\/2024\/05\/david2-1068x801.jpg 1068w, https:\/\/guineechrono.com\/wp-content\/uploads\/2024\/05\/david2-560x420.jpg 560w, https:\/\/guineechrono.com\/wp-content\/uploads\/2024\/05\/david2-1920x1440.jpg 1920w\" sizes=\"(max-width: 300px) 100vw, 300px\" \/><\/a><figcaption id=\"caption-attachment-33100\" class=\"wp-caption-text\">Exif_JPEG_420<\/figcaption><\/figure>\n<p>Il a profit\u00e9 de rendre hommage au Syli moins de 23 ans pour sa qualification historique aux jeux olympiques en France.\u00a0 \u00ab\u00a0F\u00e9licitation au Syli nationale de moins de 23 ans d\u2019avoir qualifi\u00e9 pour la premi\u00e8re fois apr\u00e8s 63 ans pour repr\u00e9senter l\u2019Afrique et la Guin\u00e9e aux jeux olympiques en France\u00a0\u00bb.<\/p>\n<p><strong>Aboubacar P Camara <\/strong><\/p>\n<p>&nbsp;<\/p>\n","protected":false},"excerpt":{"rendered":"<p>Le PDG de la fondation Familly Charity, Dr David Makongo\u00a0a particip\u00e9 ce Samedi, 11 mai 2024 \u00e0 une marche d\u00e9nomm\u00e9e \u2018\u2019Paix et coh\u00e9sion sociale\u2019\u2019, qui a d\u00e9marr\u00e9 au palais du peuple jusqu\u2019au stade 28 septembre. Interrog\u00e9, Dr David Makongo se dit fier d\u2019\u00eatre associ\u00e9 \u00e0 ces genres d\u2019activit\u00e9s. \u00a0\u00ab\u00a0Je vais dire f\u00e9licitation \u00e0 la jeunesse [&hellip;]<\/p>\n","protected":false},"author":2,"featured_media":33098,"comment_status":"open","ping_status":"closed","sticky":false,"template":"","format":"standard","meta":{"buzzeditor_post_format":"","footnotes":""},"categories":[45],"tags":[],"class_list":["post-33097","post","type-post","status-publish","format-standard","has-post-thumbnail","hentry","category-sport"],"jetpack_featured_media_url":"https:\/\/guineechrono.com\/wp-content\/uploads\/2024\/05\/david1-scaled.jpg","amp_enabled":true,"_links":{"self":[{"href":"https:\/\/guineechrono.com\/index.php\/wp-json\/wp\/v2\/posts\/33097","targetHints":{"allow":["GET"]}}],"collection":[{"href":"https:\/\/guineechrono.com\/index.php\/wp-json\/wp\/v2\/posts"}],"about":[{"href":"https:\/\/guineechrono.com\/index.php\/wp-json\/wp\/v2\/types\/post"}],"author":[{"embeddable":true,"href":"https:\/\/guineechrono.com\/index.php\/wp-json\/wp\/v2\/users\/2"}],"replies":[{"embeddable":true,"href":"https:\/\/guineechrono.com\/index.php\/wp-json\/wp\/v2\/comments?post=33097"}],"version-history":[{"count":1,"href":"https:\/\/guineechrono.com\/index.php\/wp-json\/wp\/v2\/posts\/33097\/revisions"}],"predecessor-version":[{"id":33101,"href":"https:\/\/guineechrono.com\/index.php\/wp-json\/wp\/v2\/posts\/33097\/revisions\/33101"}],"wp:featuredmedia":[{"embeddable":true,"href":"https:\/\/guineechrono.com\/index.php\/wp-json\/wp\/v2\/media\/33098"}],"wp:attachment":[{"href":"https:\/\/guineechrono.com\/index.php\/wp-json\/wp\/v2\/media?parent=33097"}],"wp:term":[{"taxonomy":"category","embeddable":true,"href":"https:\/\/guineechrono.com\/index.php\/wp-json\/wp\/v2\/categories?post=33097"},{"taxonomy":"post_tag","embeddable":true,"href":"https:\/\/guineechrono.com\/index.php\/wp-json\/wp\/v2\/tags?post=33097"}],"curies":[{"name":"wp","href":"https:\/\/api.w.org\/{rel}","templated":true}]}}