{"id":3315,"date":"2019-03-15T09:05:18","date_gmt":"2019-03-15T08:05:18","guid":{"rendered":"http:\/\/guineechrono.com\/?p=3315"},"modified":"2019-03-15T09:05:18","modified_gmt":"2019-03-15T08:05:18","slug":"voici-le-compte-rendu-du-conseil-des-ministres-de-ce-jeudi-14-mars-2019","status":"publish","type":"post","link":"https:\/\/guineechrono.com\/index.php\/voici-le-compte-rendu-du-conseil-des-ministres-de-ce-jeudi-14-mars-2019\/","title":{"rendered":"Voici le compte-rendu du conseil des ministres de ce jeudi 14 mars 2019"},"content":{"rendered":"<p>Sous la pr\u00e9sidence de son Excellence Monsieur le Pr\u00e9sident de la R\u00e9publique, le Conseil des Ministres a tenu sa session ordinaire ce jeudi, 14 mars 2019 avec l\u2019ordre du Jour suivant :<\/p>\n<ol>\n<li>MESSAGE DE SON EXCELLENCE MONSIEUR LE PRESIDENT DE LA REPUBLIQUE<\/li>\n<li>COMPTE RENDU DES SESSIONS ORDINAIRES DU CONSEIL INTERMINISTERIEL DES 5 ET 12 MARS 2019<\/li>\n<\/ol>\n<p>Au titre du premier point de l\u2019ordre du jour<\/p>\n<p>Monsieur le Pr\u00e9sident de la R\u00e9publique a instruit les Ministres concern\u00e9s d\u2019informer largement l\u2019opinion sur les causes, les motivations et les objectifs vis\u00e9s par les op\u00e9rations de d\u00e9guerpissement en cours dans la capitale. Il a particuli\u00e8rement insist\u00e9 sur la n\u00e9cessit\u00e9 d\u2019anticiper, \u00e0 l\u2019avenir, sur les occupations illicites des domaines publics en emp\u00eachant l\u2019installation de citoyens sur des espaces r\u00e9serv\u00e9s. Il a \u00e9galement mis l\u2019accent sur l\u2019urgence d\u2019entreprendre, sur les terrains r\u00e9cup\u00e9r\u00e9s, des travaux de r\u00e9alisation d\u2019infrastructues ou, \u00e0 tout le moins, de s\u00e9curisation des , afin d\u2019en \u00e9viter la r\u00e9occupation. Par ailleurs des enqu\u00eates doivent \u00eatre diligent\u00e9es afin d\u2019identifier les cadres de l\u2019administration et des services d\u00e9centralis\u00e9s a la base de la cession indue de certaines parcelles afin de donner des suites administratives et judiciaires \u00e0 ces d\u00e9lits.<\/p>\n<p>Le Chef de l\u2019Etat a invit\u00e9 \u00e0 la reforme et au renforcement des brigades publiques charg\u00e9es de veiller sur les espaces publics et en particulier interdire et emp\u00eacher l\u2019occupation des domaines publics maritimes, le remblayage des bordures de mer, la destruction de la mangrove et la r\u00e9alisation de constructions anarchiques au m\u00e9pris des plans d\u2019urbanisation des villes<\/p>\n<p>Le Pr\u00e9sident de la R\u00e9publique a instruit les services comp\u00e9tents de proc\u00e9der \u00e0 une large diffusion de la liste des r\u00e9serves fonci\u00e8res de l\u2019Etat dans le but d\u2019en pr\u00e9venir l\u2019appropriation illicite<\/p>\n<p>Le Chef de l\u2019Etat a d\u00e9cid\u00e9 de la mise en place d\u2019une commission assist\u00e9e d\u2019experts, pour la r\u00e9alisation d\u2019un v\u00e9ritable diagnostic du secteur \u00e9nerg\u00e9tique afin d\u2019en faire un \u00e9tat des lieux objectif et proposer des inflexions pertinentes de notre politique \u00e9nerg\u00e9tique ainsi que des strat\u00e9gies permettant \u00e0 la fois de faciliter l\u2019atteinte de la couverture int\u00e9grale des besoins \u00e9nerg\u00e9tiques et de r\u00e9duire de mani\u00e8re significative, l\u2019ampleur des subventions d\u00e9di\u00e9es \u00e0 ce secteur<\/p>\n<p>Le Chef de l\u2019Etat a invit\u00e9 les autorit\u00e9s publiques \u00e0 soutenir vigoureusement la production locale, notamment les fabrications artisanales en amenant l\u2019Etat \u00e0 acheter directement ses biens de consommation et d\u2019\u00e9quipements aux producteurs eux-m\u00eames afin d\u2019\u00e9viter les man\u0153uvres sp\u00e9culatives de certains interm\u00e9diaires commerciaux<\/p>\n<p>Le Pr\u00e9sident de la R\u00e9publique a rappel\u00e9 aux Ministres \u00e9conomiques et financiers l\u2019imp\u00e9rieuse n\u00e9cessit\u00e9 de diligenter les d\u00e9penses li\u00e9es \u00e0 la mise en \u0153uvre des projets dans les secteurs prioritaires comme la sant\u00e9, l\u2019\u00e9ducation, l\u2019assainissement, la s\u00e9curit\u00e9, l\u2019\u00e9ducation, l\u2019eau, l\u2019\u00e9lectricit\u00e9, le transport, etc\u2026<\/p>\n<p>Le Pr\u00e9sident de la R\u00e9publique a rappel\u00e9 l\u2019importance d\u2019un fonctionnement normal du syst\u00e8me judiciaire qui demeure le substrat sur lequel peut se construire toute politique de d\u00e9veloppement \u00e9conomique et social. Il a particuli\u00e8rement insist\u00e9 sur l\u2019application effective des d\u00e9cisions de justice en particulier lorsqu\u2019elles ont acquis l\u2019autorit\u00e9 de la chose jug\u00e9e<\/p>\n<p><strong>AU TITRE DU DEUXIEME POINT DE L\u2019ORDRE DU JOUR<\/strong><\/p>\n<p>Le Conseil a entendu successivement<\/p>\n<p>Le Ministre de la Ville et de l\u2019Am\u00e9nagement du Territoire qui a inform\u00e9 du bon d\u00e9roulement de l\u2019op\u00e9ration de d\u00e9guerpissement et de r\u00e9cup\u00e9ration des domaines de l\u2019Etat en cours \u00e0 Conakry, avec la compr\u00e9hension et l\u2019accompagnement des personnes concern\u00e9es, lesquelles avaient re\u00e7u auparavant des d\u00e9lais raisonnables en termes de pr\u00e9avis.<\/p>\n<p>Il a salu\u00e9 l\u2019attitude responsable des agents en uniforme, qui, sans heurts ni brutalit\u00e9, s\u2019acquittent honorablement de leur mission.<\/p>\n<p>A la lumi\u00e8re de cette explication qui a suscit\u00e9 des questions et commentaires, le Conseil a formul\u00e9es les recommandations suivantes :<\/p>\n<p>la poursuite de l\u2019op\u00e9ration de d\u00e9guerpissement \u00e0 Kaporo Rails ainsi que dans toutes les zones concern\u00e9es par le programme de r\u00e9cup\u00e9ration des domaines spoli\u00e9s de l\u2019Etat, dans le strict respect des droits des personnes \u00e0 d\u00e9guerpir ;<\/p>\n<p>l\u2019observation du principe d\u2019\u00e9quit\u00e9 dans la conduite de l\u2019op\u00e9ration de d\u00e9guerpissement assorti de d\u00e9lai de pr\u00e9avis suffisant ;<\/p>\n<p>l\u2019\u00e9tablissement et la publication d\u2019un programme de d\u00e9guerpissement \u00e0 court, moyen et long terme assorti d\u2019un plan d\u2019occupation des zones lib\u00e9r\u00e9es ;<\/p>\n<p>la publication de la liste des r\u00e9serves fonci\u00e8res de l\u2019Etat et de leur plan de s\u00e9curisation ;<\/p>\n<p>l\u2019identification de tous les agents publics des administrations centrales, d\u00e9concentr\u00e9es et d\u00e9centralis\u00e9e responsables de la vente ill\u00e9gale des domaines de l\u2019Etat et l\u2019application \u00e0 leur encontre de sanctions disciplinaires sans pr\u00e9judice de poursuites judiciaires.<\/p>\n<p>Le Ministre de l\u2019Environnement, des Eaux et For\u00eats qui a fait une communication relative au Document sur le projet \u00ab Initiative Pr\u00e9sidentielle pour le Reboisement National \u00bb.<\/p>\n<p>Il a indiqu\u00e9 que le projet pr\u00e9voit de reboiser 1.368 ha de zones d\u00e9grad\u00e9es dans les 342 Communes urbaines et rurales de la Guin\u00e9e en organisant et formant 68.400 jeunes des Plateformes communautaires dans la r\u00e9alisation des p\u00e9pini\u00e8res destin\u00e9es \u00e0 l\u2019op\u00e9ration de reboisement.<\/p>\n<p>Il a expliqu\u00e9 que pour la mise en \u0153uvre de ce projet, plusieurs activit\u00e9s seront r\u00e9alis\u00e9es, dont entre autres :<\/p>\n<p>l\u2019organisation des missions de prise de contacts et d\u2019information avec les autorit\u00e9s locales et les acteurs concern\u00e9s ;<\/p>\n<p>l\u2019installation des p\u00e9pini\u00e8res et la production des plants ;<\/p>\n<p>l\u2019organisation de la comp\u00e9tition nationale dot\u00e9e du \u00ab Troph\u00e9e de la Pr\u00e9fecture championne du reboisement \u00bb ;<\/p>\n<p>Le Ministre a inform\u00e9 que la c\u00e9r\u00e9monie de lancement sera pr\u00e9sid\u00e9e par Son Excellence Monsieur le Pr\u00e9sident de la R\u00e9publique. A cet effet, le site du coup d\u2019envoi portera le nom du Chef de l\u2019Etat.<\/p>\n<p>Au terme des d\u00e9bats, le Conseil a donn\u00e9 son soutien au Ministre et recommand\u00e9 la poursuite de l\u2019initiative pr\u00e9sidentielle de reboisement.<\/p>\n<p>Le Ministre de l\u2019Energie et de l\u2019Hydraulique qui a fait une communication relative \u00e0 la pr\u00e9sentation du Rapport de synth\u00e8se sur le \u00ab d\u00e9veloppement d\u2019un mod\u00e8le technico-financier pour l\u2019Electricit\u00e9 de Guin\u00e9e (EDG) dans le cadre du Deuxi\u00e8me Projet de R\u00e9habilitation et d\u2019Extension des R\u00e9seaux Electriques de Conakry (PREREC II).<\/p>\n<p>Il a indiqu\u00e9 que l\u2019objectif de la communication est de pr\u00e9senter le \u00ab Mod\u00e8le Physico-Financier \u00bb devant servir de matrice pour la d\u00e9termination des tarifs refl\u00e9tant les co\u00fbts de production et les modalit\u00e9s de son fonctionnement en vue de sa mise en \u0153uvre apr\u00e8s approbation du Conseil des Ministres.<\/p>\n<p>Le Ministre a expliqu\u00e9 que le d\u00e9veloppement d\u2019un mod\u00e8le physico-financier et tarifaire dynamique comprend trois modules, \u00e0 savoir :<\/p>\n<p>le module de calcul des co\u00fbts marginaux \u00e0 court, moyen et long terme ;<\/p>\n<p>le module de planification financi\u00e8re ; et<\/p>\n<p>le module d\u2019\u00e9tude de la structure de co\u00fbts et des tarifs.<\/p>\n<p>Le Ministre a inform\u00e9 que le diagnostic de la situation actuelle d\u2019EDG r\u00e9v\u00e8le les faiblesses suivantes :<\/p>\n<p>le manque de capitaux propres ;<\/p>\n<p>la faiblesse du prix de vente moyen de l\u2019\u00e9lectricit\u00e9 qui ne couvre que 30% du co\u00fbt de revient<\/p>\n<p>le d\u00e9s\u00e9quilibre entre les tarifs (Basse Tension et Moyen Tension).<\/p>\n<p>Le recours \u00e0 des sources d\u2019approvisionnement on\u00e9reuses pour compenser l\u2019insuffisance de l\u2019approvisionnement des centrales hydro\u00e9lectriques ;<\/p>\n<p>la facturation au forfait et l\u2019absence de syst\u00e8me de comptage g\u00e9n\u00e9ralis\u00e9 en BT et un d\u00e9lai moyen de recouvrement des factures trop long<\/p>\n<p>A cet effet, il a propos\u00e9 les solutions, ci-apr\u00e8s :<\/p>\n<p>revue du syst\u00e8me tarifaire ;<\/p>\n<p>mise en \u0153uvre d\u2019approvisionnement d\u2019\u00e9nergie \u00e0 moindre co\u00fbt ;<\/p>\n<p>lutte contre la fraude ;<\/p>\n<p>installation de compteurs chez les abonn\u00e9s pour lutter contre la facturation forfaitaire ;<\/p>\n<p>am\u00e9lioration du recouvrement des cr\u00e9ances clients.<\/p>\n<p>Au terme des d\u00e9bats, Le conseil a demand\u00e9 au Ministre de faire le point de la situation r\u00e9elle des subventions dues \u00e0 EDG et la pr\u00e9senter \u00e0 une prochaine session.<\/p>\n<p>Le Ministre d\u2019Etat en charge des Transports qui a fait le compte rendu de l\u2019organisation du Hadj en Guin\u00e9e.<\/p>\n<p>Le Ministre a indiqu\u00e9 que suite aux diff\u00e9rents constats et le\u00e7ons tir\u00e9s de l\u2019organisation du Hadj ces derni\u00e8res ann\u00e9es, notamment en 2018, plusieurs acteurs impliqu\u00e9s dans le domaine du Hadj, ont souhait\u00e9 l\u2019organisation d\u2019un cadre de concertation pour discuter des causes et proposer des solutions aux insuffisances r\u00e9currentes en vue d\u2019une qualification rapide du p\u00e8lerinage islamique pour les guin\u00e9ens.<\/p>\n<p>Le Ministre a soulign\u00e9 que l\u2019objectif g\u00e9n\u00e9ral de la journ\u00e9e nationale sur le Hadj pr\u00e9vue les 19 et 20 mars 2019, est d\u2019am\u00e9liorer les op\u00e9rations et prestations li\u00e9es au p\u00e8lerinage.<\/p>\n<p>A ce titre, il sera sp\u00e9cifiquement question de :<\/p>\n<p>pr\u00e9senter le processus de l\u2019organisation du Hadj en Guin\u00e9e ;<\/p>\n<p>partager les exp\u00e9riences et certains v\u00e9cus des uns et des autres ;<\/p>\n<p>rappeler les r\u00f4les du Secr\u00e9tariat G\u00e9n\u00e9ral des Affaires Religieuses, des Agences priv\u00e9es, de la Commission Nationale d\u2019appui \u00e0 l\u2019organisation du Hadj ;<\/p>\n<p>identifier les difficult\u00e9s et contraintes \u00e0 la promotion d\u2019une bonne organisation du Hadj ;<\/p>\n<p>faire des recommandations appropri\u00e9es tenant compte de l\u2019\u00e9volution des contextes guin\u00e9en et saoudien ;<\/p>\n<p>proposer un chronogramme et calendrier de mise en \u0153uvre des mesures retenues pour le Hadj 2019 et les Hadj \u00e0 venir.<\/p>\n<p>Au terme de l\u2019expos\u00e9, le conseil a recommand\u00e9 que la commission acc\u00e9l\u00e8re la r\u00e9flexion et la concertation pour appuyer le SGAR dans l\u2019organisation du hadj 2019.<\/p>\n<p>Le Ministre de l\u2019Environnement, des Eaux et For\u00eats a soumis pour examen le projet de d\u00e9cret portant cr\u00e9ation, organisation, fonctionnement et mode de gestion d\u2019un Fonds pour l\u2019Environnement et le Capital Naturel en remplacement du Fonds de Sauvegarde de l\u2019Environnement et du Fonds Forestier National.<\/p>\n<p>Le Ministre a soutenu que le dysfonctionnement de ces fonds limite consid\u00e9rablement, les chances du pays \u00e0 acc\u00e9der \u00e0 des fonds alternatifs sur l\u2019environnement comme le Fonds Vert Climat dont b\u00e9n\u00e9ficient d\u00e9j\u00e0 certains pays de la sous-r\u00e9gion.<\/p>\n<p>Au regard des faiblesses constat\u00e9es, le Minist\u00e8re a fait r\u00e9aliser avec l\u2019appui de l\u2019Union Europ\u00e9enne, un audit institutionnel et organisationnel des deux Fonds. Il ressort des recommandations de cet audit, la cr\u00e9ation d\u2019un fonds unique dot\u00e9 de tous les organes et outils de gestion op\u00e9rationnels.<\/p>\n<p>C\u2019est dans ce contexte, que s\u2019inscrit le besoin d\u2019une fusion de ces deux fonds, afin de tenir compte des principes \u00e9l\u00e9mentaires de bonne gouvernance dans leur gestion, et de les aligner sur les instructions de la l\u00e9gislation actuelle.<\/p>\n<p>Au terme des d\u00e9bats, le Conseil a d\u00e9cid\u00e9 de l\u2019adoption du projet de D\u00e9cret. Le conseil a \u00e9galement demand\u00e9 qu\u2019un audit des deux fonds soit effectu\u00e9 avant leur fusion afin de s\u2019assurer de leur gestion ant\u00e9rieure<\/p>\n<p>Le Ministre de l\u2019Environnement, des Eaux et For\u00eats a \u00e9galement pr\u00e9sent\u00e9 une communication relative \u00e0 la dotation en vivres de Corps Paramilitaire et Conservateurs de la Nature.<\/p>\n<p>Il a sollicit\u00e9 l\u2019appui du Conseil pour soutenir et approuver la mesure qui consiste \u00e0 ravitailler le Corps paramilitaire des Conservateurs de la Nature en vivres \u00e0 l\u2019image des autres forces de d\u00e9fense et de s\u00e9curit\u00e9.<\/p>\n<p>Il a justifi\u00e9 qu\u2019en raison du fait que les Gardes Forestiers travaillent souvent dans des conditions d\u2019\u00e9loignement des agglom\u00e9rations, des march\u00e9s, des services de sant\u00e9 et d\u2019autres services de base, l\u2019Etat a d\u00e9cid\u00e9 de leur attribuer une dotation mensuelle en vivres \u00e0 travers des Arr\u00eat\u00e9s pris depuis 2013.<\/p>\n<p>A date, l\u2019effectif des Conservateurs de la Nature est de 2 779 cadres et agents Au terme de l\u2019expos\u00e9, le Conseil a recommand\u00e9 qu\u2019un Etat des lieux et un diagnostic complet de leurs activit\u00e9s soient auparavant r\u00e9alis\u00e9s<\/p>\n<p>Le Ministre des Hydrocarbures qui a fait une communication relative \u00e0 la n\u00e9cessit\u00e9 de promouvoir la consommation du gaz butane en Guin\u00e9e comme solution alternative \u00e0 la coupe abusive du bois.<\/p>\n<p>Il a indiqu\u00e9 que la R\u00e9publique de Guin\u00e9e fait face aujourd\u2019hui \u00e0 de nombreux d\u00e9fis environnementaux fortement interconnect\u00e9s. La pression croissante exerc\u00e9e sur les ressources foresti\u00e8res pour la satisfaction d\u2019une demande en bois-\u00e9nergie pourrait mettre en p\u00e9ril les politiques et strat\u00e9gies de lutte contre la d\u00e9forestation conform\u00e9ment aux engagements pris par notre pays \u00e0 la COP21 pour la mise en \u0153uvre de la Convention des Nations-Unies sur les Changements Climatiques ainsi que l\u2019Accord de Paris.<\/p>\n<p>Il a soulign\u00e9 que malgr\u00e9 le caract\u00e8re approximatif des statistiques disponibles, il ressort de fa\u00e7on concordante que le capital forestier de la Guin\u00e9e est largement entam\u00e9 depuis les ann\u00e9es 80 avec un rythme de r\u00e9gression des superficies foresti\u00e8res estim\u00e9es \u00e0 35 000 hectares par an. Le pr\u00e9l\u00e8vement de bois pour les besoins \u00e9nerg\u00e9tiques nationaux, estim\u00e9 \u00e0 7 millions de tonnes par an, constitue une des causes de surexploitation des ressources ligneuses autour des centres urbains.<\/p>\n<p>Pour faire face \u00e0 cette probl\u00e9matique, le Gouvernement sur instructions de SEM le Pr\u00e9sident de la R\u00e9publique, envisage de promouvoir l\u2019utilisation g\u00e9n\u00e9ralis\u00e9e du gaz butane en Guin\u00e9e, dans le but de r\u00e9duire et supprimer \u00e0 terme l\u2019utilisation du bois \u00e9nergie dont la production a un effet d\u00e9vastateur sur l\u2019Environnement. Le Ministre a d\u00e9nonc\u00e9 qu\u2019en Guin\u00e9e, l\u2019un des obstacles majeurs \u00e0 la perc\u00e9e du gaz butane a toujours \u00e9t\u00e9 l\u2019absence d\u2019une politique de l\u2019Etat visant \u00e0 soutenir ce produit. Le march\u00e9 guin\u00e9en du gaz est tr\u00e8s faible (1 500 TM par an environ) compar\u00e9 \u00e0 celui des pays voisins.<\/p>\n<p>Le prix du gaz hors port\u00e9e du revenu moyen des m\u00e9nages explique le retrait du march\u00e9 guin\u00e9en sur celui des voisins. Le prix de 120 000 FG pour une bouteille de gaz de 6 KG \u00e9tant hors port\u00e9e du revenu moyen des m\u00e9nages et en m\u00eame temps largement d\u00e9cal\u00e9 du prix d\u2019un sac de charbon se n\u00e9gociant dans la fourchette de 25 000 FG \u00e0 35 000 FG, il est important pour le Gouvernement de songer subventionner l\u2019usage du gaz domestique par la mise en place d\u2019un Fonds d\u2019Appui promotionnel d\u00e9di\u00e9 \u00e0 cet effet.<\/p>\n<p>Au terme des d\u00e9bats, le Conseil a donn\u00e9 son soutien au Ministre et recommand\u00e9 :<\/p>\n<p>la cr\u00e9ation un Fonds d\u2019appui \u00e0 la promotion de l\u2019utilisation du gaz domestique et<\/p>\n<p>la mise en place d\u2019une Commission Interminist\u00e9rielle devant concevoir et promouvoir la strat\u00e9gie acc\u00e9l\u00e9r\u00e9e de substitution du gaz butane au bois de chauffe, qui rendra compte mensuellement au conseil de l\u2019\u00e9volution de ses travaux.<\/p>\n<p>L\u2019exploration des possibilit\u00e9s de coop\u00e9ration avec des pays comme le Nigeria et le Quatar, grands exportateurs de Gaz Naturel Liqu\u00e9fi\u00e9 en vue de n\u00e9gocier des prix plus avantageux.<\/p>\n<p>Le Ministre Secr\u00e9taire G\u00e9n\u00e9ral du Gouvernement a pr\u00e9sent\u00e9 les Termes de R\u00e9f\u00e9rence d\u2019un Atelier Gouvernemental pr\u00e9vu \u00e0 Bel-Air (Boffa)<\/p>\n<p>Il a pr\u00e9cis\u00e9 que la strat\u00e9gie propos\u00e9e, vise \u00e0 d\u00e9finir et \u00e0 mettre en \u0153uvre des m\u00e9canismes, des principes et des modalit\u00e9s de fonctionnement appropri\u00e9s, dans le but de parvenir \u00e0 une meilleure :<\/p>\n<p>planification du d\u00e9veloppement ;<\/p>\n<p>organisation du travail gouvernemental ;<\/p>\n<p>coordination efficace de l\u2019action gouvernementale ;<\/p>\n<p>programmation et suivi efficace des politiques publiques ;<\/p>\n<p>gestion du pilotage des r\u00e9formes sectorielles ;<\/p>\n<p>harmonisation et int\u00e9gration des strat\u00e9gies sectorielles.<\/p>\n<p>Le Ministre a indiqu\u00e9 qu\u2019il s\u2019agit de jeter les bases d\u2019une culture de bonne pratique l\u00e9gistique et de communication intra et extra gouvernementale de nature \u00e0 d\u00e9montrer des capacit\u00e9s \u00e0 soutenir les m\u00e9canismes de coordination<\/p>\n<p>Il a soutenu que la mise en \u0153uvre des diff\u00e9rentes r\u00e9formes engag\u00e9es par le Gouvernement dans divers domaines \u00e9conomique, politique, scientifique et socio- culturel conduit \u00e0 une intense activit\u00e9 normative et de communication constituant ainsi un enjeu de gouvernance publique.<\/p>\n<p>Il a annonc\u00e9 que les principaux r\u00e9sultats attendus sont :<\/p>\n<p>Au terme de l\u2019expos\u00e9, le Conseil a :<\/p>\n<p>approuv\u00e9 la tenue de l\u2019atelier des Secr\u00e9taires G\u00e9n\u00e9raux des Minist\u00e8res, des hauts cadres de la Pr\u00e9sidence, de la Primature et du Secr\u00e9tariat General du Gouvernement \u00e0 la date des 25 et 26 Mars 2019 ;<\/p>\n<p>d\u00e9cid\u00e9 de tenir l\u2019Atelier Gouvernemental au mois d\u2019avril 2019.<\/p>\n<p>3.4. Le Ministre en Charge des Investissements et des Partenariats Publics Priv\u00e9s a fait une communication relative \u00e0 l\u2019organisation du Premier Salon des Entrepreneurs de Guin\u00e9e, du 13 au 14 mars 2019.<\/p>\n<p>Il a indiqu\u00e9 que l\u2019objectif du Salon des Entrepreneurs de Guin\u00e9e \u2018\u2018SADEN\u2019\u2019 est de promouvoir les opportunit\u00e9s li\u00e9es \u00e0 l\u2019entrepreneuriat, de communiquer sur les r\u00e9formes engag\u00e9es par l\u2019Etat, de r\u00e9fl\u00e9chir sur les conditions d\u2019\u00e9mergence d\u2019une classe dynamique d\u2019entrepreneurs nationaux. Il est \u00e9galement un salon international et un cadre de partage d\u2019exp\u00e9riences et d\u2019acc\u00e8s \u00e0 l\u2019intelligence commerciale.<\/p>\n<p>Le Ministre a rappel\u00e9 que depuis huit (8) ans, le Gouvernement sous l\u2019impulsion du Pr\u00e9sident de la R\u00e9publique le Professeur Alpha Cond\u00e9 s\u2019est engag\u00e9 dans une s\u00e9rie de r\u00e9formes pour am\u00e9liorer le climat des affaires et rendre notre secteur priv\u00e9 plus comp\u00e9titif. Des r\u00e9formes juridiques et r\u00e8glementaires nous ont valu une reconnaissance sur le plan international avec une progression constante au classement Doing Business de la Banque mondiale, et au niveau de l\u2019indice de comp\u00e9titivit\u00e9 du Forum \u00e9conomique mondial.<\/p>\n<p>Le Ministre a pr\u00e9cis\u00e9 que le SADEN organisera aussi le \u00ab PRIX SADEN du Meilleur entrepreneur de l\u2019ann\u00e9e \u00bb et le \u00ab Concours du Meilleur jeune entrepreneur de l\u2019ann\u00e9e \u00bb qui r\u00e9compenseront les projets novateurs port\u00e9s par des entrepreneurs ou aspirants entrepreneurs guin\u00e9ens.<\/p>\n<p>Au terme de l\u2019expos\u00e9, le Conseil a appr\u00e9ci\u00e9 la pertinence et l\u2019importance de cette plateforme d\u2019\u00e9changes et de r\u00e9seautage en mati\u00e8re d\u2019entreprenariat en Guin\u00e9e<\/p>\n<p>Avant de lever la s\u00e9ance, le Pr\u00e9sident de la R\u00e9publique a donn\u00e9 au Conseil de larges informations sur la situation nationale et internationale.<\/p>\n<p>&nbsp;<\/p>\n<p><strong>Le Conseil des Ministres<\/strong><\/p>\n<p>&nbsp;<\/p>\n<p><strong>Transmis par la Cellule de Communication du Gouvernement<\/strong><\/p>\n<p>&nbsp;<\/p>\n<p>&nbsp;<\/p>\n","protected":false},"excerpt":{"rendered":"<p>Sous la pr\u00e9sidence de son Excellence Monsieur le Pr\u00e9sident de la R\u00e9publique, le Conseil des Ministres a tenu sa session ordinaire ce jeudi, 14 mars 2019 avec l\u2019ordre du Jour suivant : MESSAGE DE SON EXCELLENCE MONSIEUR LE PRESIDENT DE LA REPUBLIQUE COMPTE RENDU DES SESSIONS ORDINAIRES DU CONSEIL INTERMINISTERIEL DES 5 ET 12 MARS [&hellip;]<\/p>\n","protected":false},"author":2,"featured_media":3316,"comment_status":"open","ping_status":"closed","sticky":false,"template":"","format":"standard","meta":{"buzzeditor_post_format":"","footnotes":""},"categories":[1],"tags":[],"class_list":["post-3315","post","type-post","status-publish","format-standard","has-post-thumbnail","hentry","category-non-classe"],"jetpack_featured_media_url":"https:\/\/guineechrono.com\/wp-content\/uploads\/2019\/03\/sylla.jpg","amp_enabled":true,"_links":{"self":[{"href":"https:\/\/guineechrono.com\/index.php\/wp-json\/wp\/v2\/posts\/3315","targetHints":{"allow":["GET"]}}],"collection":[{"href":"https:\/\/guineechrono.com\/index.php\/wp-json\/wp\/v2\/posts"}],"about":[{"href":"https:\/\/guineechrono.com\/index.php\/wp-json\/wp\/v2\/types\/post"}],"author":[{"embeddable":true,"href":"https:\/\/guineechrono.com\/index.php\/wp-json\/wp\/v2\/users\/2"}],"replies":[{"embeddable":true,"href":"https:\/\/guineechrono.com\/index.php\/wp-json\/wp\/v2\/comments?post=3315"}],"version-history":[{"count":0,"href":"https:\/\/guineechrono.com\/index.php\/wp-json\/wp\/v2\/posts\/3315\/revisions"}],"wp:featuredmedia":[{"embeddable":true,"href":"https:\/\/guineechrono.com\/index.php\/wp-json\/wp\/v2\/media\/3316"}],"wp:attachment":[{"href":"https:\/\/guineechrono.com\/index.php\/wp-json\/wp\/v2\/media?parent=3315"}],"wp:term":[{"taxonomy":"category","embeddable":true,"href":"https:\/\/guineechrono.com\/index.php\/wp-json\/wp\/v2\/categories?post=3315"},{"taxonomy":"post_tag","embeddable":true,"href":"https:\/\/guineechrono.com\/index.php\/wp-json\/wp\/v2\/tags?post=3315"}],"curies":[{"name":"wp","href":"https:\/\/api.w.org\/{rel}","templated":true}]}}