{"id":3330,"date":"2019-03-15T16:32:55","date_gmt":"2019-03-15T15:32:55","guid":{"rendered":"http:\/\/guineechrono.com\/?p=3330"},"modified":"2020-05-19T16:33:29","modified_gmt":"2020-05-19T15:33:29","slug":"affaire-3eme-mandat-la-copam-empechee-par-les-jeunes","status":"publish","type":"post","link":"https:\/\/guineechrono.com\/index.php\/affaire-3eme-mandat-la-copam-empechee-par-les-jeunes\/","title":{"rendered":"Affaire 3\u00e8me mandat : la COPAM emp\u00each\u00e9e par les jeunes"},"content":{"rendered":"<p><strong>Ce jeudi 14 mars 2019, la Coordination des partis politiques alli\u00e9s \u00e0 la mouvance (COPAM) a organis\u00e9 \u00a0un mouvement de soutient au pr\u00e9sident Alpha Cond\u00e9 pour une \u2018\u2019\u00e9ventuelle 3<sup>\u00e8me<\/sup> mandat\u2019\u2019 au palais du peuple.<\/strong><\/p>\n<p>Pensant qu\u2019elle \u00e9tait seule dans salle (COPAM), un groupe de jeune s\u2019est oppos\u00e9 cat\u00e9goriquement a leur id\u00e9ale. Ces jeunes, d\u00e9termin\u00e9s a jamais, scandaient des propos hostiles \u00e0 l\u2019endroit du Pr\u00e9sident de la r\u00e9publique contre toute modification de la constitution pour un \u00e9ventuel 3<sup>\u00e8me<\/sup> mandat.<\/p>\n<p>\u00ab\u00a0Non \u00e0 un troisi\u00e8me mandat, il n\u2019y aura pas de troisi\u00e8me mandat, il ne faut m\u00eame pas tenter de changer la constitution. La Guin\u00e9e n\u2019appartient pas \u00e0 une seule personne\u00a0\u00bb, mart\u00e8le le groupe de jeune.<\/p>\n<p>Selon ce groupe de jeunes, il n\u2019aura pas un 3<sup>\u00e8me<\/sup> mandat en guin\u00e9e, et \u00a0Alpha cond\u00e9 ne va plus se pr\u00e9senter en Guin\u00e9e. \u00ab\u00a0On n\u2019a plus besoin de 3\u00e8me mandat, ce n\u2019est pas possible dans ce pays. Parler du troisi\u00e8me, est un acte qui viole la constitution guin\u00e9enne. Nous nous battrons jusqu\u2019au bout, ils sont en train de mettre le pays en p\u00e9ril et \u00e7a ne passera pas \u00bb, pr\u00e9vient le groupe.<\/p>\n<p>Cette altercation est survenue suite \u00e0 l\u2019intervention de Dr M\u2019Bemba Traor\u00e9, coordinateur adjoint de la Convention des Partis Alli\u00e9s de la Mouvance (COPAM) qui a d\u00e9clar\u00e9 au nom de sa structure, son \u00a0soutien \u00e0 un projet de r\u00e9vision de la constitution guin\u00e9enne.<\/p>\n<p>A rappeler \u00a0que la manifestation \u00e9tait plac\u00e9e sous la haute autorit\u00e9 du Chef de l\u2019Etat et son \u00a0gouvernement, finalement ni le pr\u00e9sident ni\u00a0 les membres du gouvernement n\u2019ont pris part.<\/p>\n<p><strong>Aboubacar \u00a0Camara<\/strong><\/p>\n","protected":false},"excerpt":{"rendered":"<p>Ce jeudi 14 mars 2019, la Coordination des partis politiques alli\u00e9s \u00e0 la mouvance (COPAM) a organis\u00e9 \u00a0un mouvement de soutient au pr\u00e9sident Alpha Cond\u00e9 pour une \u2018\u2019\u00e9ventuelle 3\u00e8me mandat\u2019\u2019 au palais du peuple. Pensant qu\u2019elle \u00e9tait seule dans salle (COPAM), un groupe de jeune s\u2019est oppos\u00e9 cat\u00e9goriquement a leur id\u00e9ale. Ces jeunes, d\u00e9termin\u00e9s a [&hellip;]<\/p>\n","protected":false},"author":2,"featured_media":3331,"comment_status":"open","ping_status":"closed","sticky":false,"template":"","format":"standard","meta":{"buzzeditor_post_format":"","footnotes":""},"categories":[44,1],"tags":[],"class_list":["post-3330","post","type-post","status-publish","format-standard","has-post-thumbnail","hentry","category-economie","category-non-classe"],"jetpack_featured_media_url":"https:\/\/guineechrono.com\/wp-content\/uploads\/2019\/03\/mandat.jpg","amp_enabled":true,"_links":{"self":[{"href":"https:\/\/guineechrono.com\/index.php\/wp-json\/wp\/v2\/posts\/3330","targetHints":{"allow":["GET"]}}],"collection":[{"href":"https:\/\/guineechrono.com\/index.php\/wp-json\/wp\/v2\/posts"}],"about":[{"href":"https:\/\/guineechrono.com\/index.php\/wp-json\/wp\/v2\/types\/post"}],"author":[{"embeddable":true,"href":"https:\/\/guineechrono.com\/index.php\/wp-json\/wp\/v2\/users\/2"}],"replies":[{"embeddable":true,"href":"https:\/\/guineechrono.com\/index.php\/wp-json\/wp\/v2\/comments?post=3330"}],"version-history":[{"count":0,"href":"https:\/\/guineechrono.com\/index.php\/wp-json\/wp\/v2\/posts\/3330\/revisions"}],"wp:featuredmedia":[{"embeddable":true,"href":"https:\/\/guineechrono.com\/index.php\/wp-json\/wp\/v2\/media\/3331"}],"wp:attachment":[{"href":"https:\/\/guineechrono.com\/index.php\/wp-json\/wp\/v2\/media?parent=3330"}],"wp:term":[{"taxonomy":"category","embeddable":true,"href":"https:\/\/guineechrono.com\/index.php\/wp-json\/wp\/v2\/categories?post=3330"},{"taxonomy":"post_tag","embeddable":true,"href":"https:\/\/guineechrono.com\/index.php\/wp-json\/wp\/v2\/tags?post=3330"}],"curies":[{"name":"wp","href":"https:\/\/api.w.org\/{rel}","templated":true}]}}