{"id":3339,"date":"2019-03-16T12:28:31","date_gmt":"2019-03-16T11:28:31","guid":{"rendered":"http:\/\/guineechrono.com\/?p=3339"},"modified":"2019-03-16T12:28:31","modified_gmt":"2019-03-16T11:28:31","slug":"gambie-le-vice-president-ousainou-darboe-limoge","status":"publish","type":"post","link":"https:\/\/guineechrono.com\/index.php\/gambie-le-vice-president-ousainou-darboe-limoge\/","title":{"rendered":"Gambie : le vice-pr\u00e9sident Ousainou Darboe limog\u00e9"},"content":{"rendered":"<p><strong>Le pr\u00e9sident gambien a d\u00e9mis de leurs fonctions le vice-pr\u00e9sident Ousainou Darboe, ainsi que les ministres Amadou Sanneh et Lamin Dibba, charg\u00e9s respectivement du Commerce et de l&rsquo;Agriculture.<\/strong><\/p>\n<p>Darboe, ancien opposant historique au r\u00e9gime de Yahya Jammeh, a \u00e9t\u00e9 \u00e9vinc\u00e9 du gouvernement \u00e0 la suite de tensions entre le chef de l&rsquo;Etat et la direction du Parti d\u00e9mocratique uni (UDP), selon l&rsquo;Agence France-Presse.<\/p>\n<p>Adama Barrow, candidat de l&rsquo;UDP, avait battu lors de la pr\u00e9sidentielle de d\u00e9cembre 2016 Yahya Jammeh.<\/p>\n<p>Chef du m\u00eame parti, Ousainou Darboe, avocat et d\u00e9fenseur des droits de l&rsquo;homme, n&rsquo;avait pas pu prendre part \u00e0 ce scrutin, car il purgeait \u00e0 l&rsquo;\u00e9poque une peine de trois ans de prison.<\/p>\n<p>Apr\u00e8s le d\u00e9part en exil de M. Jammeh en janvier 2017, Ousainou Darboe a \u00e9t\u00e9 graci\u00e9 par Adama Barrow, qui en a fait son ministre des Affaires \u00e9trang\u00e8res, puis son vice-pr\u00e9sident \u00e0 partir du 30 juin 2018.<\/p>\n<p>Le limogeage de M. Darboe a \u00e9t\u00e9 annonc\u00e9 dans un communiqu\u00e9 publi\u00e9 vendredi par la pr\u00e9sidence gambienne, qui n&rsquo;a pas d\u00e9voil\u00e9 les raisons de son d\u00e9part du gouvernement. Il a \u00e9t\u00e9 remplac\u00e9 par la ministre de la Sant\u00e9, Isatou Touray.<\/p>\n<p><strong>bbcafrique<\/strong><\/p>\n","protected":false},"excerpt":{"rendered":"<p>Le pr\u00e9sident gambien a d\u00e9mis de leurs fonctions le vice-pr\u00e9sident Ousainou Darboe, ainsi que les ministres Amadou Sanneh et Lamin Dibba, charg\u00e9s respectivement du Commerce et de l&rsquo;Agriculture. Darboe, ancien opposant historique au r\u00e9gime de Yahya Jammeh, a \u00e9t\u00e9 \u00e9vinc\u00e9 du gouvernement \u00e0 la suite de tensions entre le chef de l&rsquo;Etat et la direction [&hellip;]<\/p>\n","protected":false},"author":2,"featured_media":3340,"comment_status":"open","ping_status":"closed","sticky":false,"template":"","format":"standard","meta":{"buzzeditor_post_format":"","footnotes":""},"categories":[1],"tags":[],"class_list":["post-3339","post","type-post","status-publish","format-standard","has-post-thumbnail","hentry","category-non-classe"],"jetpack_featured_media_url":"https:\/\/guineechrono.com\/wp-content\/uploads\/2019\/03\/gambie.jpg","amp_enabled":true,"_links":{"self":[{"href":"https:\/\/guineechrono.com\/index.php\/wp-json\/wp\/v2\/posts\/3339","targetHints":{"allow":["GET"]}}],"collection":[{"href":"https:\/\/guineechrono.com\/index.php\/wp-json\/wp\/v2\/posts"}],"about":[{"href":"https:\/\/guineechrono.com\/index.php\/wp-json\/wp\/v2\/types\/post"}],"author":[{"embeddable":true,"href":"https:\/\/guineechrono.com\/index.php\/wp-json\/wp\/v2\/users\/2"}],"replies":[{"embeddable":true,"href":"https:\/\/guineechrono.com\/index.php\/wp-json\/wp\/v2\/comments?post=3339"}],"version-history":[{"count":0,"href":"https:\/\/guineechrono.com\/index.php\/wp-json\/wp\/v2\/posts\/3339\/revisions"}],"wp:featuredmedia":[{"embeddable":true,"href":"https:\/\/guineechrono.com\/index.php\/wp-json\/wp\/v2\/media\/3340"}],"wp:attachment":[{"href":"https:\/\/guineechrono.com\/index.php\/wp-json\/wp\/v2\/media?parent=3339"}],"wp:term":[{"taxonomy":"category","embeddable":true,"href":"https:\/\/guineechrono.com\/index.php\/wp-json\/wp\/v2\/categories?post=3339"},{"taxonomy":"post_tag","embeddable":true,"href":"https:\/\/guineechrono.com\/index.php\/wp-json\/wp\/v2\/tags?post=3339"}],"curies":[{"name":"wp","href":"https:\/\/api.w.org\/{rel}","templated":true}]}}