{"id":3347,"date":"2019-03-18T10:05:56","date_gmt":"2019-03-18T09:05:56","guid":{"rendered":"http:\/\/guineechrono.com\/?p=3347"},"modified":"2019-03-18T10:05:56","modified_gmt":"2019-03-18T09:05:56","slug":"guinee-la-journee-internationale-des-droits-des-consommateurs-celebree","status":"publish","type":"post","link":"https:\/\/guineechrono.com\/index.php\/guinee-la-journee-internationale-des-droits-des-consommateurs-celebree\/","title":{"rendered":"Guin\u00e9e : la journ\u00e9e internationale des droits des consommateurs c\u00e9l\u00e9br\u00e9e"},"content":{"rendered":"<p><strong>La 2<sup>\u00e8me<\/sup>\u00a0\u00e9dition de la journ\u00e9e des droits des consommateurs a \u00e9t\u00e9 c\u00e9l\u00e9br\u00e9 ce vendredi 15 mars 2019\u00a0\u00a0par l\u2019union des consommateurs de guin\u00e9e sous le th\u00e8me \u00ab\u00a0quelles strat\u00e9gies nationales pour la promotion des droits des consommateurs\u00a0\u00bb. La c\u00e9r\u00e9monie \u00e9tait pr\u00e9sid\u00e9e par le ministre du commerce accompagn\u00e9 par l\u2019ancien ministre de la formation technique.\u00a0\u00a0<\/strong><\/p>\n<p>Dans son intervention, Ousmane Keita, pr\u00e9sident de l\u2019union des consommateurs de guin\u00e9e a rappel\u00e9 que depuis 1983, l\u2019association internationale des droits des consommateurs c\u00e9l\u00e8bre cette\u00a0\u00a0journ\u00e9e \u00e0 travers le monde.\u00a0\u00a0Selon lui, l\u2019union des consommateurs de guin\u00e9e n\u2019a\u00a0\u00a0pas pour ambition ni l\u2019intention\u00a0\u00a0de donn\u00e9 les le\u00e7ons a qui ce soit. \u00ab\u00a0Nous avons voulus susciter le d\u00e9bat, envi de partager avec vous, et surtout avec l\u2019ensemble des consommateurs\u00a0\u00a0de guin\u00e9e,\u00a0\u00a0quelques \u00e9l\u00e9ment de\u00a0r\u00e9flexions\u00a0\u00a0autour\u00a0\u00a0de\u00a0\u00a0la probl\u00e9matiques de la qualit\u00e9 des produits des biens et services injecter au quotidien sur le march\u00e9 guin\u00e9en\u00bb, rappelle-t-il.<\/p>\n<p>Pour sa part, le Ministre du commerce, Boubacar Barry a affirm\u00e9 que\u00a0\u00a0cette c\u00e9l\u00e9bration est opportune. \u00ab\u00a0Par ce qu\u2019elle se d\u00e9roule au moment ou le minist\u00e8re\u00a0\u00a0entreprend les reformes relativement importante au sein du d\u00e9partement\u00a0\u00a0qui est charg\u00e9 de promouvoir la politique du gouvernement en terme de commerce mais \u00e9galement de veiller au respect des normes et r\u00e8glements qui encadrent cette activit\u00e9\u00a0\u00bb pr\u00e9cise le ministre.<\/p>\n<p>Ensuite, il indiqu\u00e9 que ces reformes actuelles\u00a0\u00a0sont de diff\u00e9rents types.\u00a0\u00a0\u00ab\u00a0D\u2019une part, elles sont institutionnelles\u00a0\u00a0puisque l\u2019office nationale de contr\u00f4le de qualit\u00e9 va \u00eatre enfin dot\u00e9 de statut juridique qui campe et d\u00e9finit sa mission et son r\u00f4le.\u00a0\u00a0Je suis heureux de vous annoncer que dans le conseil d\u2019administration de cette entit\u00e9, l\u2019union des consommateurs de guin\u00e9e\u00a0sera repr\u00e9sent\u00e9e\u00a0\u00bb, a-t-il ajout\u00e9.<\/p>\n<p>Enfin, le ministre du commerce a promis que le gouvernement \u00e0 travers son minist\u00e8re restera toujours au cot\u00e9 de cette organisation pour le bien \u00eatre des consommateurs.<\/p>\n<p>La c\u00e9r\u00e9monie a pris fin par la remise des caisses vitr\u00e9es aux vendeuses qui ont effectu\u00e9 le d\u00e9placement.<\/p>\n<p><strong>Pastoria camara<\/strong><\/p>\n","protected":false},"excerpt":{"rendered":"<p>La 2\u00e8me\u00a0\u00e9dition de la journ\u00e9e des droits des consommateurs a \u00e9t\u00e9 c\u00e9l\u00e9br\u00e9 ce vendredi 15 mars 2019\u00a0\u00a0par l\u2019union des consommateurs de guin\u00e9e sous le th\u00e8me \u00ab\u00a0quelles strat\u00e9gies nationales pour la promotion des droits des consommateurs\u00a0\u00bb. La c\u00e9r\u00e9monie \u00e9tait pr\u00e9sid\u00e9e par le ministre du commerce accompagn\u00e9 par l\u2019ancien ministre de la formation technique.\u00a0\u00a0 Dans son intervention, [&hellip;]<\/p>\n","protected":false},"author":2,"featured_media":3348,"comment_status":"open","ping_status":"closed","sticky":false,"template":"","format":"standard","meta":{"buzzeditor_post_format":"","footnotes":""},"categories":[1],"tags":[],"class_list":["post-3347","post","type-post","status-publish","format-standard","has-post-thumbnail","hentry","category-non-classe"],"jetpack_featured_media_url":"https:\/\/guineechrono.com\/wp-content\/uploads\/2019\/03\/UCG.jpg","amp_enabled":true,"_links":{"self":[{"href":"https:\/\/guineechrono.com\/index.php\/wp-json\/wp\/v2\/posts\/3347","targetHints":{"allow":["GET"]}}],"collection":[{"href":"https:\/\/guineechrono.com\/index.php\/wp-json\/wp\/v2\/posts"}],"about":[{"href":"https:\/\/guineechrono.com\/index.php\/wp-json\/wp\/v2\/types\/post"}],"author":[{"embeddable":true,"href":"https:\/\/guineechrono.com\/index.php\/wp-json\/wp\/v2\/users\/2"}],"replies":[{"embeddable":true,"href":"https:\/\/guineechrono.com\/index.php\/wp-json\/wp\/v2\/comments?post=3347"}],"version-history":[{"count":0,"href":"https:\/\/guineechrono.com\/index.php\/wp-json\/wp\/v2\/posts\/3347\/revisions"}],"wp:featuredmedia":[{"embeddable":true,"href":"https:\/\/guineechrono.com\/index.php\/wp-json\/wp\/v2\/media\/3348"}],"wp:attachment":[{"href":"https:\/\/guineechrono.com\/index.php\/wp-json\/wp\/v2\/media?parent=3347"}],"wp:term":[{"taxonomy":"category","embeddable":true,"href":"https:\/\/guineechrono.com\/index.php\/wp-json\/wp\/v2\/categories?post=3347"},{"taxonomy":"post_tag","embeddable":true,"href":"https:\/\/guineechrono.com\/index.php\/wp-json\/wp\/v2\/tags?post=3347"}],"curies":[{"name":"wp","href":"https:\/\/api.w.org\/{rel}","templated":true}]}}