{"id":3368,"date":"2019-03-18T15:35:51","date_gmt":"2019-03-18T14:35:51","guid":{"rendered":"http:\/\/guineechrono.com\/?p=3368"},"modified":"2019-03-18T15:35:51","modified_gmt":"2019-03-18T14:35:51","slug":"mali-vague-dindignation-apres-lattaque-de-dioura","status":"publish","type":"post","link":"https:\/\/guineechrono.com\/index.php\/mali-vague-dindignation-apres-lattaque-de-dioura\/","title":{"rendered":"Mali: vague d\u2019indignation apr\u00e8s l\u2019attaque de Dioura"},"content":{"rendered":"<p><strong>Le bilan de 21 morts est encore provisoire au Mali apr\u00e8s l&rsquo;attaque de ce dimanche qui a vis\u00e9 une base militaire \u00e0 Dioura dans le centre du pays. Le campement a \u00e9t\u00e9 pris d&rsquo;assaut \u00e0 l&rsquo;aube par des dizaines d&rsquo;hommes arm\u00e9s venus en voiture et \u00e0 moto. Une op\u00e9ration qui a une onde de choc au Mali suscitant de nombreuses r\u00e9actions.<\/strong><\/p>\n<p><a href=\"http:\/\/www.rfi.fr\/afrique\/20190317-mali-attaque-meurtriere-contre-armee-malienne-vers-dioura\">Apr\u00e8s l\u2019attaque meurtri\u00e8re de Dioura<\/a>, le pr\u00e9sident malien, Ibrahim Boubacar Ke\u00efta a condamn\u00e9 fermement cette op\u00e9ration. Sur Twitter, le chef de l\u2019Etat a rappel\u00e9 la d\u00e9termination du Mali et des Maliens \u00e0 lutter contre \u00ab\u00a0<em>des actes ignominieux<\/em>\u00a0\u00bb commis par un \u00ab\u00a0<em>ennemi l\u00e2che<\/em>\u00a0\u00bb.<\/p>\n<p>Autre condamnation, celle de Mahamat Saleh Annadif. Le chef de la mission de l&rsquo;ONU au Mali s&rsquo;est dit \u00ab\u00a0<em>constern\u00e9<\/em>\u00a0\u00bb. La Minusma qui est aux premi\u00e8res loges dans le centre du pays. Elle d\u2019ailleurs a organis\u00e9 ce dimanche l&rsquo;\u00e9vacuation m\u00e9dicale de plusieurs bless\u00e9s.<\/p>\n<p>Cette attaque meurtri\u00e8re a aussi fait r\u00e9agir rapidement l&rsquo;opposition. La d\u00e9gradation dans le centre du pays doit interpeller le pr\u00e9sident et le gouvernement, estime le Front de sauvegarde de la d\u00e9mocratie dans un communiqu\u00e9. Le FSD interroge les conditions g\u00e9n\u00e9rales dans lesquelles les troupes maliennes sont engag\u00e9es dans la guerre, et le comportement<a href=\"http:\/\/www.rfi.fr\/afrique\/20190318-mali-attaque-dioura-portrait-bamoussa\">\u00a0de la hi\u00e9rarchie militaire.<\/a><\/p>\n<p>Pour l&rsquo;opposition, le chef de l&rsquo;Etat doit prendre des mesures urgentes pour sortir \u00ab\u00a0<em>de l&rsquo;immobilisme et des effets d&rsquo;annonce st\u00e9riles<\/em>\u00a0\u00bb. Le FSD plaide \u00e0 nouveau pour des assises nationales inclusives.<\/p>\n<p><strong>rfi<\/strong><\/p>\n","protected":false},"excerpt":{"rendered":"<p>Le bilan de 21 morts est encore provisoire au Mali apr\u00e8s l&rsquo;attaque de ce dimanche qui a vis\u00e9 une base militaire \u00e0 Dioura dans le centre du pays. Le campement a \u00e9t\u00e9 pris d&rsquo;assaut \u00e0 l&rsquo;aube par des dizaines d&rsquo;hommes arm\u00e9s venus en voiture et \u00e0 moto. Une op\u00e9ration qui a une onde de choc [&hellip;]<\/p>\n","protected":false},"author":2,"featured_media":3369,"comment_status":"open","ping_status":"closed","sticky":false,"template":"","format":"standard","meta":{"buzzeditor_post_format":"","footnotes":""},"categories":[1],"tags":[],"class_list":["post-3368","post","type-post","status-publish","format-standard","has-post-thumbnail","hentry","category-non-classe"],"jetpack_featured_media_url":"https:\/\/guineechrono.com\/wp-content\/uploads\/2019\/03\/Mali-2.jpg","amp_enabled":true,"_links":{"self":[{"href":"https:\/\/guineechrono.com\/index.php\/wp-json\/wp\/v2\/posts\/3368","targetHints":{"allow":["GET"]}}],"collection":[{"href":"https:\/\/guineechrono.com\/index.php\/wp-json\/wp\/v2\/posts"}],"about":[{"href":"https:\/\/guineechrono.com\/index.php\/wp-json\/wp\/v2\/types\/post"}],"author":[{"embeddable":true,"href":"https:\/\/guineechrono.com\/index.php\/wp-json\/wp\/v2\/users\/2"}],"replies":[{"embeddable":true,"href":"https:\/\/guineechrono.com\/index.php\/wp-json\/wp\/v2\/comments?post=3368"}],"version-history":[{"count":0,"href":"https:\/\/guineechrono.com\/index.php\/wp-json\/wp\/v2\/posts\/3368\/revisions"}],"wp:featuredmedia":[{"embeddable":true,"href":"https:\/\/guineechrono.com\/index.php\/wp-json\/wp\/v2\/media\/3369"}],"wp:attachment":[{"href":"https:\/\/guineechrono.com\/index.php\/wp-json\/wp\/v2\/media?parent=3368"}],"wp:term":[{"taxonomy":"category","embeddable":true,"href":"https:\/\/guineechrono.com\/index.php\/wp-json\/wp\/v2\/categories?post=3368"},{"taxonomy":"post_tag","embeddable":true,"href":"https:\/\/guineechrono.com\/index.php\/wp-json\/wp\/v2\/tags?post=3368"}],"curies":[{"name":"wp","href":"https:\/\/api.w.org\/{rel}","templated":true}]}}